{"id":116914,"date":"2025-12-25T21:23:10","date_gmt":"2025-12-25T21:23:10","guid":{"rendered":"https:\/\/www.europesays.com\/se\/116914\/"},"modified":"2025-12-25T21:23:10","modified_gmt":"2025-12-25T21:23:10","slug":"jimmy-kimmel-i-brittisk-tv-bra-ar-for-fascismen","status":"publish","type":"post","link":"https:\/\/www.europesays.com\/se\/116914\/","title":{"rendered":"Jimmy Kimmel i brittisk tv: Bra \u00e5r f\u00f6r fascismen"},"content":{"rendered":"<p>Den amerikanske pratshowv\u00e4rden hade bjudits in av Channel\u00a04, som varje \u00e5r sedan 1993 l\u00e5ter en k\u00e4nd profil h\u00e5lla ett jultal som alternativ till den brittiska monarkens tal till nationen. <\/p>\n<p>Kimmel menade bland annat att Trump upptr\u00e4der som om han vore kung.<\/p>\n<p>\u2013 Ur ett fascistiskt perspektiv har detta varit ett riktigt bra \u00e5r. Tyranniet blomstrar h\u00e4r borta.<\/p>\n<p>Stoppades under h\u00f6sten<\/p>\n<p>Jimmy Kimmel har fortsatt att kritisera Trump sedan han \u00e5terv\u00e4nde till tv-rutan efter att ABC i september p\u00e5 obest\u00e4md tid stoppade hans pratshohw. Detta efter att Kimmel skojat om att m\u00e5nga Trumpanh\u00e4ngare f\u00f6rs\u00f6kt dra politisk nytta av mordet p\u00e5 h\u00f6geraktivisten Charlie Kirk.<\/p>\n<p>I jultalet uppmanade Kimmel britterna att ha t\u00e5lamod med USA i f\u00f6rhoppning att landet kommer bli normalt igen efter Trumps mandatperiod.<\/p>\n<p>\u2013 Ge oss omkring tre \u00e5r, sade han och syftade p\u00e5 2028 \u00e5rs presidentval.<\/p>\n","protected":false},"excerpt":{"rendered":"Den amerikanske pratshowv\u00e4rden hade bjudits in av Channel\u00a04, som varje \u00e5r sedan 1993 l\u00e5ter en k\u00e4nd profil h\u00e5lla&hellip;\n","protected":false},"author":2,"featured_media":116915,"comment_status":"","ping_status":"","sticky":false,"template":"","format":"standard","meta":{"footnotes":""},"categories":[67],"tags":[104,34,31,33,32,30,105],"class_list":{"0":"post-116914","1":"post","2":"type-post","3":"status-publish","4":"format-standard","5":"has-post-thumbnail","7":"category-underhallning","8":"tag-entertainment","9":"tag-se","10":"tag-svenska","11":"tag-sverige","12":"tag-sweden","13":"tag-swedish","14":"tag-underhallning"},"share_on_mastodon":{"url":"https:\/\/pubeurope.com\/@se\/115782313778990931","error":""},"_links":{"self":[{"href":"https:\/\/www.europesays.com\/se\/wp-json\/wp\/v2\/posts\/116914","targetHints":{"allow":["GET"]}}],"collection":[{"href":"https:\/\/www.europesays.com\/se\/wp-json\/wp\/v2\/posts"}],"about":[{"href":"https:\/\/www.europesays.com\/se\/wp-json\/wp\/v2\/types\/post"}],"author":[{"embeddable":true,"href":"https:\/\/www.europesays.com\/se\/wp-json\/wp\/v2\/users\/2"}],"replies":[{"embeddable":true,"href":"https:\/\/www.europesays.com\/se\/wp-json\/wp\/v2\/comments?post=116914"}],"version-history":[{"count":0,"href":"https:\/\/www.europesays.com\/se\/wp-json\/wp\/v2\/posts\/116914\/revisions"}],"wp:featuredmedia":[{"embeddable":true,"href":"https:\/\/www.europesays.com\/se\/wp-json\/wp\/v2\/media\/116915"}],"wp:attachment":[{"href":"https:\/\/www.europesays.com\/se\/wp-json\/wp\/v2\/media?parent=116914"}],"wp:term":[{"taxonomy":"category","embeddable":true,"href":"https:\/\/www.europesays.com\/se\/wp-json\/wp\/v2\/categories?post=116914"},{"taxonomy":"post_tag","embeddable":true,"href":"https:\/\/www.europesays.com\/se\/wp-json\/wp\/v2\/tags?post=116914"}],"curies":[{"name":"wp","href":"https:\/\/api.w.org\/{rel}","templated":true}]}}