{"id":116916,"date":"2025-12-25T21:26:47","date_gmt":"2025-12-25T21:26:47","guid":{"rendered":"https:\/\/www.europesays.com\/se\/116916\/"},"modified":"2025-12-25T21:26:47","modified_gmt":"2025-12-25T21:26:47","slug":"tre-doda-i-explosion-i-moskva-2","status":"publish","type":"post","link":"https:\/\/www.europesays.com\/se\/116916\/","title":{"rendered":"Tre d\u00f6da i explosion i Moskva"},"content":{"rendered":"<p class=\"boxtextgrotesk-root_baa6 hyperion-css-7pajle\">Publicerad 2025-12-24 07.23<\/p>\n<p>share-arrowDela<\/p>\n<p>unsaveSpara<\/p>\n<p>expand-left<\/p>\n<p>helsk\u00e4rm<img decoding=\"async\" class=\"image-asset hyperion-css-u06ts1\" data-test-tag=\"image-asset\" src=\"https:\/\/www.europesays.com\/se\/wp-content\/uploads\/2025\/12\/0bb73013-e74e-4eee-8c1a-92889f9d0f1c\"  alt=\"Polis sp\u00e4rrar av omr\u00e5det runt explosionen p\u00e5 julaftons morgon.\"  loading=\"eager\" fetchpriority=\"high\" style=\"aspect-ratio:1900 \/ 1267\"\/>Polis sp\u00e4rrar av omr\u00e5det runt explosionen p\u00e5 julaftons morgon. Foto: Pavel Bednyakov\/AP\/TT<\/p>\n<p class=\"hyperion-css-1shl3oz\" data-test-tag=\"lead-text\">Tv\u00e5 poliser har d\u00f6dats i en explosion i Moskva under natten, uppger lokala myndigheter. Ytterligare en person rapporteras d\u00f6d.<\/p>\n<p class=\"hyperion-css-1v9qo5x\">Enligt AFP var poliserna i f\u00e4rd med att stoppa en \u201dmisst\u00e4nkt person\u201d som befann sig n\u00e4ra deras tj\u00e4nstebil d\u00e5 \u201den spr\u00e4ngladdning utl\u00f6stes\u201d.<\/p>\n<p class=\"hyperion-css-1v9qo5x\">H\u00e4ndelsen intr\u00e4ffade i n\u00e4rheten av platsen d\u00e4r en rysk general d\u00f6dades i ett attentat tidigare i veckan.<\/p>\n<p class=\"hyperion-css-1v9qo5x\">Det finns \u00e4nnu inga uppgifter om vem som ligger bakom explosionen.<\/p>\n<p class=\"hyperion-css-1v9qo5x\">Sedan Ryssland anf\u00f6ll Ukraina i februari 2022 har Kiev anklagats flera g\u00e5nger f\u00f6r att ligga bakom attacker mot ryska milit\u00e4rer och Kremltrogna personer, b\u00e5da inom Ryssland och i de ockuperade delarna av Ukraina.<\/p>\n<p class=\"hyperion-css-1v9qo5x\">Ukraina har tagit p\u00e5 sig ett par av attackerna, men har inte kommenterat nattens explosion.<\/p>\n","protected":false},"excerpt":{"rendered":"Publicerad 2025-12-24 07.23 share-arrowDela unsaveSpara expand-left helsk\u00e4rmPolis sp\u00e4rrar av omr\u00e5det runt explosionen p\u00e5 julaftons morgon. Foto: Pavel Bednyakov\/AP\/TT&hellip;\n","protected":false},"author":2,"featured_media":116917,"comment_status":"","ping_status":"","sticky":false,"template":"","format":"standard","meta":{"footnotes":""},"categories":[14],"tags":[22,23,26,27,17,21,24,25,28,29,15,16,18,34,31,33,32,30,19,20,51,52,53,54],"class_list":{"0":"post-116916","1":"post","2":"type-post","3":"status-publish","4":"format-standard","5":"has-post-thumbnail","7":"category-varlden","8":"tag-breaking-news","9":"tag-breakingnews","10":"tag-featured-news","11":"tag-featurednews","12":"tag-headlines","13":"tag-huvudnyheter","14":"tag-latest-news","15":"tag-latestnews","16":"tag-main-news","17":"tag-mainnews","18":"tag-news","19":"tag-nyheter","20":"tag-rubriker","21":"tag-se","22":"tag-svenska","23":"tag-sverige","24":"tag-sweden","25":"tag-swedish","26":"tag-top-stories","27":"tag-topstories","28":"tag-varlden","29":"tag-world","30":"tag-world-news","31":"tag-worldnews"},"share_on_mastodon":{"url":"https:\/\/pubeurope.com\/@se\/115782325963327113","error":""},"_links":{"self":[{"href":"https:\/\/www.europesays.com\/se\/wp-json\/wp\/v2\/posts\/116916","targetHints":{"allow":["GET"]}}],"collection":[{"href":"https:\/\/www.europesays.com\/se\/wp-json\/wp\/v2\/posts"}],"about":[{"href":"https:\/\/www.europesays.com\/se\/wp-json\/wp\/v2\/types\/post"}],"author":[{"embeddable":true,"href":"https:\/\/www.europesays.com\/se\/wp-json\/wp\/v2\/users\/2"}],"replies":[{"embeddable":true,"href":"https:\/\/www.europesays.com\/se\/wp-json\/wp\/v2\/comments?post=116916"}],"version-history":[{"count":0,"href":"https:\/\/www.europesays.com\/se\/wp-json\/wp\/v2\/posts\/116916\/revisions"}],"wp:featuredmedia":[{"embeddable":true,"href":"https:\/\/www.europesays.com\/se\/wp-json\/wp\/v2\/media\/116917"}],"wp:attachment":[{"href":"https:\/\/www.europesays.com\/se\/wp-json\/wp\/v2\/media?parent=116916"}],"wp:term":[{"taxonomy":"category","embeddable":true,"href":"https:\/\/www.europesays.com\/se\/wp-json\/wp\/v2\/categories?post=116916"},{"taxonomy":"post_tag","embeddable":true,"href":"https:\/\/www.europesays.com\/se\/wp-json\/wp\/v2\/tags?post=116916"}],"curies":[{"name":"wp","href":"https:\/\/api.w.org\/{rel}","templated":true}]}}