{"id":116923,"date":"2025-12-25T21:31:14","date_gmt":"2025-12-25T21:31:14","guid":{"rendered":"https:\/\/www.europesays.com\/se\/116923\/"},"modified":"2025-12-25T21:31:14","modified_gmt":"2025-12-25T21:31:14","slug":"deltagarna-slappta-se-listan","status":"publish","type":"post","link":"https:\/\/www.europesays.com\/se\/116923\/","title":{"rendered":"Deltagarna sl\u00e4ppta \u2013 se listan"},"content":{"rendered":"<p class=\"sc-c25743f0-0 sc-e37c0145-2 hObFds DQgPn\"><strong>Redan i b\u00f6rjan av n\u00e4sta \u00e5r \u00e4r \u201dB\u00e4st i test\u201d tillbaka med en ny s\u00e4song. <br \/>Och nu \u00e4r deltagarna sl\u00e4ppta.<br \/>En av dem \u00e4r Carina Berg.<br \/>\u2013 Det var s\u00e5 otroligt omtumlande och sansl\u00f6st roligt, s\u00e4ger hon.<\/strong><\/p>\n<p class=\"sc-c25743f0-0 sc-e37c0145-2 hObFds DQgPn\">Den 9 januari \u00e4r \u201dB\u00e4st i test\u201d tillbaka med en ny s\u00e4song och nu har kanalen sl\u00e4ppt vilka vi d\u00e5 kommer att f\u00e5 se t\u00e4vla i programmet. <\/p>\n<p class=\"sc-c25743f0-0 sc-e37c0145-2 hObFds DQgPn\">En av dem \u00e4r Carina Berg. <\/p>\n<p class=\"sc-c25743f0-0 sc-e37c0145-2 hObFds DQgPn\">\u2013 Jag tror aldrig att jag har skrattat OCH sk\u00e4mts s\u00e5 mycket under en och samma tv-produktion. Det var s\u00e5 otroligt omtumlande och sansl\u00f6st roligt. Man visste knappt vad man gjorde! Tittarna kan ladda med en liten sk\u00e4mskudde, och sen luta sig tillbaka och roas, s\u00e4ger Carina Berg i ett pressmeddelande.<\/p>\n<p>Vinnaren av F\u00f6rr\u00e4darna<\/p>\n<p class=\"sc-c25743f0-0 sc-e37c0145-2 hObFds DQgPn\">Hon f\u00e5r bland annat s\u00e4llskap av Ahmed Berhan, som vi nyligen kunde se st\u00e5 som vinnare i h\u00f6stens s\u00e4song av \u201dF\u00f6rr\u00e4darna\u201d.<\/p>\n<p class=\"sc-c25743f0-0 sc-e37c0145-2 hObFds DQgPn\">\u2013 Ja, jag \u00e4r en t\u00e4vlingsm\u00e4nniska och ja, jag \u00e4r en d\u00e5lig t\u00e4vlingsm\u00e4nniska, en j\u00e4tte j\u00e4tted\u00e5lig t\u00e4vlingsm\u00e4nniska, s\u00e4ger han.<\/p>\n<p class=\"sc-c25743f0-0 sc-e37c0145-2 hObFds DQgPn\">Ut\u00f6ver Carina Berg och Ahmed Berhan ser vi ocks\u00e5 Emma Molin, David Druid och Lasse Kron\u00e9r i den kommande s\u00e4songen.<\/p>\n<p class=\"sc-c25743f0-0 sc-e37c0145-2 hObFds DQgPn\">I ledning ser vi fortsatt programledarduon Babben Larsson och David Sundin.<\/p>\n<p>Streama B\u00e4st i test <\/p>\n<p class=\"sc-c25743f0-0 hObFds\">I B\u00e4st i test f\u00e5r deltagarna s\u00e4tta sin kreativa l\u00f6sningsf\u00f6rm\u00e5ga p\u00e5 prov n\u00e4r de uts\u00e4tts f\u00f6r Sveriges mest kluriga, ov\u00e4ntade och roliga tester.<\/p>\n<p><img decoding=\"async\" loading=\"lazy\" alt=\"19-banner-bit\" width=\"132\" height=\"198\" src=\"https:\/\/www.europesays.com\/se\/wp-content\/uploads\/2025\/12\/1766698274_267_\" class=\"sc-718ae386-4 dGxWVi\"\/><\/p>\n","protected":false},"excerpt":{"rendered":"Redan i b\u00f6rjan av n\u00e4sta \u00e5r \u00e4r \u201dB\u00e4st i test\u201d tillbaka med en ny s\u00e4song. Och nu \u00e4r&hellip;\n","protected":false},"author":2,"featured_media":116924,"comment_status":"","ping_status":"","sticky":false,"template":"","format":"standard","meta":{"footnotes":""},"categories":[67],"tags":[104,34,31,33,32,30,105],"class_list":{"0":"post-116923","1":"post","2":"type-post","3":"status-publish","4":"format-standard","5":"has-post-thumbnail","7":"category-underhallning","8":"tag-entertainment","9":"tag-se","10":"tag-svenska","11":"tag-sverige","12":"tag-sweden","13":"tag-swedish","14":"tag-underhallning"},"share_on_mastodon":{"url":"https:\/\/pubeurope.com\/@se\/115782345446076709","error":""},"_links":{"self":[{"href":"https:\/\/www.europesays.com\/se\/wp-json\/wp\/v2\/posts\/116923","targetHints":{"allow":["GET"]}}],"collection":[{"href":"https:\/\/www.europesays.com\/se\/wp-json\/wp\/v2\/posts"}],"about":[{"href":"https:\/\/www.europesays.com\/se\/wp-json\/wp\/v2\/types\/post"}],"author":[{"embeddable":true,"href":"https:\/\/www.europesays.com\/se\/wp-json\/wp\/v2\/users\/2"}],"replies":[{"embeddable":true,"href":"https:\/\/www.europesays.com\/se\/wp-json\/wp\/v2\/comments?post=116923"}],"version-history":[{"count":0,"href":"https:\/\/www.europesays.com\/se\/wp-json\/wp\/v2\/posts\/116923\/revisions"}],"wp:featuredmedia":[{"embeddable":true,"href":"https:\/\/www.europesays.com\/se\/wp-json\/wp\/v2\/media\/116924"}],"wp:attachment":[{"href":"https:\/\/www.europesays.com\/se\/wp-json\/wp\/v2\/media?parent=116923"}],"wp:term":[{"taxonomy":"category","embeddable":true,"href":"https:\/\/www.europesays.com\/se\/wp-json\/wp\/v2\/categories?post=116923"},{"taxonomy":"post_tag","embeddable":true,"href":"https:\/\/www.europesays.com\/se\/wp-json\/wp\/v2\/tags?post=116923"}],"curies":[{"name":"wp","href":"https:\/\/api.w.org\/{rel}","templated":true}]}}