{"id":116925,"date":"2025-12-25T21:34:39","date_gmt":"2025-12-25T21:34:39","guid":{"rendered":"https:\/\/www.europesays.com\/se\/116925\/"},"modified":"2025-12-25T21:34:39","modified_gmt":"2025-12-25T21:34:39","slug":"libyens-armechef-och-ytterligare-sju-doda-i-flygkrasch","status":"publish","type":"post","link":"https:\/\/www.europesays.com\/se\/116925\/","title":{"rendered":"Libyens arm\u00e9chef och ytterligare sju d\u00f6da i flygkrasch"},"content":{"rendered":"<p>Libyens premi\u00e4rminister Abdul Hamid Dbeibah bekr\u00e4ftar att general Mohammad Ali al-Haddad och fyra av hans medarbetare omkom p\u00e5 tisdagen. I ett uttalande p\u00e5 Facebook kallar han det \u201den stor f\u00f6rlust\u201d f\u00f6r Libyen.<\/p>\n<p>Planet tappade kontakten med flygledningen vid klockan 18.52, svensk tid, kort efter att det lyft fr\u00e5n Ankaraflygplatsen Esenboga f\u00f6r att flyga till den libyska huvudstaden Tripoli.<\/p>\n<p>Bland \u00f6vriga passagerare fanns bef\u00e4lhavaren f\u00f6r Libyens markstyrkor, en r\u00e5dgivare till arm\u00e9chefen, en milit\u00e4rfotograf och ytterligare en h\u00f6gt uppsatt milit\u00e4r. Bes\u00e4ttningen bestod av tre personer.<\/p>\n<p>Tekniskt problem<\/p>\n<p>Ett n\u00f6danrop gjordes n\u00e4r planet var \u00f6ver Haymana, drygt sju mil s\u00f6der om Ankara, men flygledning kunde d\u00e4refter inte etablera n\u00e5gon kontakt igen, skriver Turkiets inrikesminister Ali Yerlikaya p\u00e5 X.<\/p>\n<p>Flera turkiska tv-kanaler visar bilder p\u00e5 en explosion fr\u00e5n omr\u00e5det d\u00e4r planet befann sig vid n\u00f6danropet.<\/p>\n<p>\u2013 All kontakt med flygplanet f\u00f6rlorades ungef\u00e4r en halvtimme efter start fr\u00e5n Ankaras flygplats p\u00e5 grund av ett tekniskt problem, s\u00e4ger Libyens kommunikationsminister Walid Ellafi till libysk tv.<\/p>\n<p>\u2013 Vi v\u00e4ntar p\u00e5 slutsatserna fr\u00e5n den turkiska utredningen.<\/p>\n<p>Arm\u00e9chefen Mohammad Ali al-Haddad hade varit p\u00e5 bes\u00f6k i Turkiet f\u00f6r m\u00f6ten med sin turkiska motsvarighet Selcuk Bayraktaroglu och den turkiska f\u00f6rsvarsministern Yasar G\u00fcler.<\/p>\n<p>Delat land<\/p>\n<p>Mer eller mindre kaos har r\u00e5tt i Libyen sedan diktatorn Muammar Gaddafi st\u00f6rtades 2011.<\/p>\n<p>Landet delades 2014 mellan ett styre i Tripoli i v\u00e4ster och ett maktcentrum i Tobruk i \u00f6ster under krigsherren Khalifa Haftar. En fredsprocess inleddes med st\u00f6d av FN 2020.<\/p>\n<p>Turkiet har n\u00e4ra band med den FN-backade regeringen i Tripoli och ger b\u00e5de milit\u00e4rt och ekonomiskt st\u00f6d.<\/p>\n","protected":false},"excerpt":{"rendered":"Libyens premi\u00e4rminister Abdul Hamid Dbeibah bekr\u00e4ftar att general Mohammad Ali al-Haddad och fyra av hans medarbetare omkom p\u00e5&hellip;\n","protected":false},"author":2,"featured_media":116926,"comment_status":"","ping_status":"","sticky":false,"template":"","format":"standard","meta":{"footnotes":""},"categories":[14],"tags":[22,23,26,27,17,21,24,25,28,29,15,16,18,34,31,33,32,30,19,20,51,52,53,54],"class_list":{"0":"post-116925","1":"post","2":"type-post","3":"status-publish","4":"format-standard","5":"has-post-thumbnail","7":"category-varlden","8":"tag-breaking-news","9":"tag-breakingnews","10":"tag-featured-news","11":"tag-featurednews","12":"tag-headlines","13":"tag-huvudnyheter","14":"tag-latest-news","15":"tag-latestnews","16":"tag-main-news","17":"tag-mainnews","18":"tag-news","19":"tag-nyheter","20":"tag-rubriker","21":"tag-se","22":"tag-svenska","23":"tag-sverige","24":"tag-sweden","25":"tag-swedish","26":"tag-top-stories","27":"tag-topstories","28":"tag-varlden","29":"tag-world","30":"tag-world-news","31":"tag-worldnews"},"share_on_mastodon":{"url":"https:\/\/pubeurope.com\/@se\/115782357100124363","error":""},"_links":{"self":[{"href":"https:\/\/www.europesays.com\/se\/wp-json\/wp\/v2\/posts\/116925","targetHints":{"allow":["GET"]}}],"collection":[{"href":"https:\/\/www.europesays.com\/se\/wp-json\/wp\/v2\/posts"}],"about":[{"href":"https:\/\/www.europesays.com\/se\/wp-json\/wp\/v2\/types\/post"}],"author":[{"embeddable":true,"href":"https:\/\/www.europesays.com\/se\/wp-json\/wp\/v2\/users\/2"}],"replies":[{"embeddable":true,"href":"https:\/\/www.europesays.com\/se\/wp-json\/wp\/v2\/comments?post=116925"}],"version-history":[{"count":0,"href":"https:\/\/www.europesays.com\/se\/wp-json\/wp\/v2\/posts\/116925\/revisions"}],"wp:featuredmedia":[{"embeddable":true,"href":"https:\/\/www.europesays.com\/se\/wp-json\/wp\/v2\/media\/116926"}],"wp:attachment":[{"href":"https:\/\/www.europesays.com\/se\/wp-json\/wp\/v2\/media?parent=116925"}],"wp:term":[{"taxonomy":"category","embeddable":true,"href":"https:\/\/www.europesays.com\/se\/wp-json\/wp\/v2\/categories?post=116925"},{"taxonomy":"post_tag","embeddable":true,"href":"https:\/\/www.europesays.com\/se\/wp-json\/wp\/v2\/tags?post=116925"}],"curies":[{"name":"wp","href":"https:\/\/api.w.org\/{rel}","templated":true}]}}