{"id":116929,"date":"2025-12-25T21:36:24","date_gmt":"2025-12-25T21:36:24","guid":{"rendered":"https:\/\/www.europesays.com\/se\/116929\/"},"modified":"2025-12-25T21:36:24","modified_gmt":"2025-12-25T21:36:24","slug":"nu-okar-utsattheten-i-samhallet","status":"publish","type":"post","link":"https:\/\/www.europesays.com\/se\/116929\/","title":{"rendered":"Nu \u00f6kar utsattheten i samh\u00e4llet"},"content":{"rendered":"<p><strong><a href=\"https:\/\/www.rodakorset.se\/om-oss\/fakta-och-standpunkter\/rapporter\/humanitart-bokslut--roster-fran-civilsamhallet-om-social-utsatthet-i-sverige\/?utm_source=Outlook&amp;utm_medium=mail&amp;utm_campaign=social-utsatthet&amp;utm_content=uppf%C3%B6ljning-seminarium\" rel=\"nofollow noopener\" target=\"_blank\">R\u00f6da korset-rapporten Humanit\u00e4rt bokslut 2025<\/a> bygger p\u00e5 en enk\u00e4t d\u00e4r 109 lokala civilsamh\u00e4llesorganisationer fr\u00e5n Sveriges alla l\u00e4n har svarat. Sju av tio organisationer upplever att den sociala utsattheten har \u00f6kat och att de m\u00f6ter st\u00f6rre behov \u00e4n tidigare.<\/strong><\/p>\n<p>Organisationerna som deltagit i enk\u00e4ten bedriver olika verksamheter, men de allra flesta \u00e4r inriktade p\u00e5 social gemenskap p\u00e5 n\u00e5got s\u00e4tt. Flera svarar att de kombinerar gemenskap med matutdelning och att de upplever att behovet av den utdelningen har \u00f6kat.<\/p>\n<p>Annons:<a class=\"gofollow\" data-track=\"NDAyLDEsNjA=\" href=\"https:\/\/ung.stockholm\/aktuellt\/?t=event&amp;c=363&amp;di=17\" rel=\"nofollow noopener\" target=\"_blank\"><img decoding=\"async\" src=\"https:\/\/www.europesays.com\/se\/wp-content\/uploads\/2025\/12\/NY-SthlmStad-120363-251219-NyhetsbyranJarva.gif\"\/><\/a><\/p>\n<blockquote>\n<p>De m\u00f6ter allt fler som tidigare har kunnat klara sig p\u00e5 egen hand men som nu lever i utsatthet<\/p>\n<\/blockquote>\n<p>De som \u00e5terkommande v\u00e4nder sig till civilsamh\u00e4llesorganisationer \u00e4r bland annat barnfamiljer, ensamst\u00e5ende med barn, \u00e4ldre, sjukskrivna och arbetsl\u00f6sa. Samtidigt har flera organisationer svarat att de m\u00f6ter allt fler som tidigare har kunnat klara sig p\u00e5 egen hand men nu lever i utsatthet. De upplever dessutom att det idag kr\u00e4vs mycket mer f\u00f6r att m\u00e4nniskor ska f\u00e5 st\u00f6d fr\u00e5n v\u00e4lf\u00e4rdssystemet och att allt mer av organisationernas arbete g\u00e5r ut p\u00e5 att hj\u00e4lpa m\u00e4nniskor att navigera r\u00e4tt i v\u00e4lf\u00e4rden.<\/p>\n<p>Sedan 1996 har kvinnor med migrationserfarenhet kunnat m\u00f6tas p\u00e5 <strong>kvinnocentret i Akalla<\/strong>. Det \u00e4r en m\u00f6tesplats som drivs av Fr\u00e4lsningsarm\u00e9n och vars syfte \u00e4r att kvinnorna som s\u00f6ker sig dit ska kunna f\u00e5 hj\u00e4lp att bryta utanf\u00f6rskap.<\/p>\n<p><strong>Karin Asplund<\/strong> \u00e4r chef \u00f6ver verksamheten och delar med sig av sina tankar om utsattheten i samh\u00e4llet.<\/p>\n<p>\u2013 Det \u00e4r klart att vi ser att det \u00e4r ett j\u00e4tteh\u00e5rt och sv\u00e5rt klimat. Och att det finns en samh\u00e4llsretorik som formar v\u00e4ldigt mycket hur man ser p\u00e5 m\u00e4nniskor som inte \u00e4r Larsson, Svensson eller Jansson.\u00a0<\/p>\n<blockquote>\n<p>V\u00e5ra st\u00f6dinsatser p\u00e5verkar inte bara en kvinna, utan en hel familj och framf\u00f6rallt barnen<\/p>\n<\/blockquote>\n<p>Samtidigt tar Karin upp att de sj\u00e4lva n\u00f6dv\u00e4ndigtvis inte upplever en markant \u00f6kning av utsatta m\u00e4nniskor som v\u00e4nder sig till dem utan att det m\u00f6ter ett konstant behov eftersom deras insatser riktar sig mot dem som beh\u00f6ver det mest.<\/p>\n<p>\u2013 Jag skulle kunna s\u00e4ga att vi ser att det har blivit mycket v\u00e4rre, men jag vet inte riktigt om det skulle vara helt sant. D\u00e4remot s\u00e5 ser vi nu att det i st\u00f6rre utstr\u00e4ckning handlar om att m\u00e5nga av dem som kommer till oss har barn. V\u00e5ra st\u00f6dinsatser p\u00e5verkar inte bara en kvinna, utan en hel familj och framf\u00f6rallt barnen.<\/p>\n<p>Verksamheten var fram tills ungef\u00e4r tv\u00e5 \u00e5r sedan inriktad mot asyls\u00f6kande kvinnor, men \u00e4r numera \u00e4ven riktad mot kvinnor med migrationserfarenheter som lever i n\u00e5gon typ av utanf\u00f6rskap. Karin s\u00e4ger att de valde att ut\u00f6ka m\u00e5lgruppen eftersom de upplevde att gruppen asyls\u00f6kande kvinnor minskade samtidigt som st\u00f6dbehovet \u00f6kade hos kvinnor som levt i Sverige l\u00e4nge.<\/p>\n<p>\u2013 Det var ganska naturligt att landa i det eftersom politiken formar vilka och hur m\u00e5nga som f\u00e5r komma in i landet. I rollen som civilsamh\u00e4llesakt\u00f6r kan vi v\u00e4lja att rikta v\u00e5ra insatser d\u00e4r vi ser att de beh\u00f6vs mest.<\/p>\n<p><strong>Hedda Sundberg Lax<\/strong>\n<\/p>\n<p>                    <a href=\"#\" rel=\"nofollow\" onclick=\"window.print(); return false;\" title=\"Printer Friendly, PDF &amp; Email\"><br \/>\n                    <img decoding=\"async\" class=\"pf-button-img\" src=\"https:\/\/www.europesays.com\/se\/wp-content\/uploads\/2025\/08\/printfriendly-pdf-button-nobg-md.png\" alt=\"Print Friendly, PDF &amp; Email\" style=\"width: 124px;height: 30px;\"\/><br \/>\n                    <\/a><\/p>\n","protected":false},"excerpt":{"rendered":"R\u00f6da korset-rapporten Humanit\u00e4rt bokslut 2025 bygger p\u00e5 en enk\u00e4t d\u00e4r 109 lokala civilsamh\u00e4llesorganisationer fr\u00e5n Sveriges alla l\u00e4n har&hellip;\n","protected":false},"author":2,"featured_media":116930,"comment_status":"","ping_status":"","sticky":false,"template":"","format":"standard","meta":{"footnotes":""},"categories":[5],"tags":[12569,22,23,4292,26,27,12570,17,21,1429,24,25,28,29,15,16,6533,18,34,31,33,32,30,19,1432,20,12571],"class_list":{"0":"post-116929","1":"post","2":"type-post","3":"status-publish","4":"format-standard","5":"has-post-thumbnail","7":"category-rubriker","8":"tag-akalla","9":"tag-breaking-news","10":"tag-breakingnews","11":"tag-fattigdom","12":"tag-featured-news","13":"tag-featurednews","14":"tag-fralsningsarmens-kvinnocenter","15":"tag-headlines","16":"tag-huvudnyheter","17":"tag-jarva","18":"tag-latest-news","19":"tag-latestnews","20":"tag-main-news","21":"tag-mainnews","22":"tag-news","23":"tag-nyheter","24":"tag-roda-korset","25":"tag-rubriker","26":"tag-se","27":"tag-svenska","28":"tag-sverige","29":"tag-sweden","30":"tag-swedish","31":"tag-top-stories","32":"tag-topp","33":"tag-topstories","34":"tag-utsatthet"},"share_on_mastodon":{"url":"https:\/\/pubeurope.com\/@se\/115782365139185552","error":""},"_links":{"self":[{"href":"https:\/\/www.europesays.com\/se\/wp-json\/wp\/v2\/posts\/116929","targetHints":{"allow":["GET"]}}],"collection":[{"href":"https:\/\/www.europesays.com\/se\/wp-json\/wp\/v2\/posts"}],"about":[{"href":"https:\/\/www.europesays.com\/se\/wp-json\/wp\/v2\/types\/post"}],"author":[{"embeddable":true,"href":"https:\/\/www.europesays.com\/se\/wp-json\/wp\/v2\/users\/2"}],"replies":[{"embeddable":true,"href":"https:\/\/www.europesays.com\/se\/wp-json\/wp\/v2\/comments?post=116929"}],"version-history":[{"count":0,"href":"https:\/\/www.europesays.com\/se\/wp-json\/wp\/v2\/posts\/116929\/revisions"}],"wp:featuredmedia":[{"embeddable":true,"href":"https:\/\/www.europesays.com\/se\/wp-json\/wp\/v2\/media\/116930"}],"wp:attachment":[{"href":"https:\/\/www.europesays.com\/se\/wp-json\/wp\/v2\/media?parent=116929"}],"wp:term":[{"taxonomy":"category","embeddable":true,"href":"https:\/\/www.europesays.com\/se\/wp-json\/wp\/v2\/categories?post=116929"},{"taxonomy":"post_tag","embeddable":true,"href":"https:\/\/www.europesays.com\/se\/wp-json\/wp\/v2\/tags?post=116929"}],"curies":[{"name":"wp","href":"https:\/\/api.w.org\/{rel}","templated":true}]}}