{"id":116934,"date":"2025-12-25T21:44:11","date_gmt":"2025-12-25T21:44:11","guid":{"rendered":"https:\/\/www.europesays.com\/se\/116934\/"},"modified":"2025-12-25T21:44:11","modified_gmt":"2025-12-25T21:44:11","slug":"ilska-i-norge-efter-sivert-guttorm-bakkens-dod-kraver-svar-skidskytte","status":"publish","type":"post","link":"https:\/\/www.europesays.com\/se\/116934\/","title":{"rendered":"Ilska i Norge efter Sivert Guttorm Bakkens d\u00f6d \u2013 kr\u00e4ver svar | Skidskytte"},"content":{"rendered":"<p>Publicerad 25 dec 2025 kl 15.24Uppdaterad kl 19.38<\/p>\n<p>Sivert Guttorm Bakken dog pl\u00f6tsligt med en h\u00f6jdmask p\u00e5 sig.<\/p>\n<p>I Norge efterlyser man nu ett maskf\u00f6rbud.<\/p>\n<p>Och fler svar.<\/p>\n<p>\u201dDenna brutala d\u00f6d kr\u00e4ver en f\u00f6rklaring\u201d, skriver <a href=\"https:\/\/www.dagbladet.no\/sport\/nekter-a-svare\/84025914\" rel=\"nofollow noopener\" target=\"_blank\">Dagbladets<\/a> Esten O. S\u00e4ther.<\/p>\n<p><img   alt=\"\"\/><\/p>\n<p>Sivert Guttorm Bakken blev 27 \u00e5r.<\/p>\n<p>Foto: MATHIAS BERGELD \/ BILDBYR\u00c5N<\/p>\n<p>\u00d6ppna bild i helsk\u00e4rm<img loading=\"lazy\"   alt=\"\"\/><\/p>\n<p>Dagbladets kr\u00f6nik\u00f6r Esten O. S\u00e4ther.<\/p>\n<p>Foto: ADRIAN \u00d8HRN  JOHANSEN \/ DAGBLADET<\/p>\n<p>\u00d6ppna bild i helsk\u00e4rm<\/p>\n<p>Den norske skidskytten Sivert Guttorm Bakken avled i sitt hotellrum i italienska Lavaze under tisdagen. Han blev 27 \u00e5r gammal.\u00a0<\/p>\n<p>Han p\u00e5tr\u00e4ffades avliden med en h\u00f6jdmask p\u00e5 sig, meddelade det norska skidskyttef\u00f6rbundet p\u00e5 julafton. En s\u00e5dan mask simulerar de mer syrefattiga f\u00f6rh\u00e5llanden som r\u00e5der p\u00e5 h\u00f6g h\u00f6jd.<\/p>\n<p>Artikeln i korthet<\/p>\n<p> Skidskytten Sivert Guttorm Bakken hittades d\u00f6d med h\u00f6jdmask p\u00e5 hotellrum i Italien.<\/p>\n<p> D\u00f6dsorsaken \u00e4r oklar, obduktion v\u00e4ntar.<\/p>\n<p> Norska r\u00f6ster kr\u00e4ver nu f\u00f6rbud mot h\u00f6jdmasker, samt svar fr\u00e5n den olympiska kommitt\u00e9n om varf\u00f6r det inte inf\u00f6rts \u00e4nnu.<\/p>\n<p> En forskare p\u00e5talar att det inte finns n\u00e5gra dokumenterade f\u00f6rdelar med att anv\u00e4nda h\u00f6jdmasker.<\/p>\n<p>Visa mer<\/p>\n<p>D\u00f6dsorsaken \u00e4r d\u00e4remot inte klarlagd, och en obduktion kommer att genomf\u00f6ras under mellandagarna.<\/p>\n<p>Men i Norge kr\u00e4ver man svar.<\/p>\n<p>\u201dDenna brutala d\u00f6d kr\u00e4ver en f\u00f6rklaring\u201d<\/p>\n<p>Dagbladets Esten O. S\u00e4ther menar att anv\u00e4ndningen av h\u00f6jdmasker b\u00f6r f\u00f6rbjudas i v\u00e4ntan p\u00e5 att omst\u00e4ndigheterna kring d\u00f6dsfallet klarnar.<\/p>\n<p>\u201dDet r\u00e5der fullst\u00e4ndig f\u00f6rvirring efter d\u00f6dsfallet som skakar en hel nation. Anv\u00e4ndningen av mask m\u00e5ste upph\u00f6ra i v\u00e4ntan p\u00e5 svar\u201d, skriver han och forts\u00e4tter:<\/p>\n<p>\u201dI v\u00e4ntan p\u00e5 obduktionsrapporten och den italienska polisens utredning kr\u00e4ver omst\u00e4ndigheterna kring denna brutala d\u00f6d en f\u00f6rklaring.\u201d<\/p>\n<p>Den norska tidningens skribent beklagar att anv\u00e4ndningen av h\u00f6jdmasker p\u00e5 senare \u00e5r till\u00e5tits efter att det \u201dunika norska f\u00f6rbudet\u201d h\u00e4vts 2021.<\/p>\n<p>Manipulerad h\u00f6jdtr\u00e4ning har d\u00e4refter till\u00e5tits. Detta trots avr\u00e5dan fr\u00e5n det norska medicinska etikr\u00e5det samt flera utl\u00e4ndska experter, enligt Dagbladet.<\/p>\n<p>F\u00e5r inga svar \u2013 rasar<\/p>\n<p>Dagbladet har, efter Guttorm Bakkens d\u00f6d, st\u00e4llt fr\u00e5gor till Tore \u00d6vreb\u00f6 som \u00e4r chef f\u00f6r den norska olympiska kommitt\u00e9n Olympiatoppen.<\/p>\n<p>P\u00e5 fr\u00e5gorna om varf\u00f6r h\u00f6jdmaskerna inte tillf\u00e4lligt f\u00f6rbjudits efter d\u00f6dsfallet ska han ha avb\u00f6jt att svara, och h\u00e4nvisat till att han \u201dinte vill bidra till n\u00e5gra spekulationer\u201d.<\/p>\n<p>\u201dMen b\u00e5de han och vi vill att norsk elitidrott ska garantera s\u00e4kerheten f\u00f6r sina allra b\u00e4sta idrottare, \u00e4ven under de m\u00f6rkaste dagarna. Det faktum att alla norska stj\u00e4rnor har ett viktigare liv utanf\u00f6r medaljjakten \u00e4r en grundl\u00e4ggande v\u00e4rdering f\u00f6r v\u00e5r elitidrott\u201d, skriver Esten O. S\u00e4ther.<\/p>\n<p>Det norska skidskyttef\u00f6rbundet skrev i ett pressmeddelande under onsdagen att de inte hade n\u00e5gon k\u00e4nnedom om \u201domst\u00e4ndigheterna kring anskaffandet eller anv\u00e4ndandet av masken\u201d.<\/p>\n<p>Annons<\/p>\n<p>Forskaren: Maskerna \u00e4r oprecisa<\/p>\n<p><a href=\"https:\/\/www.vg.no\/sport\/i\/bO5qgd\/slik-fungerer-hoeydemasker-aapenbart-en-risiko\" rel=\"nofollow noopener\" target=\"_blank\">VG<\/a> har talat med Carsten Lundby som \u00e4r forskare i h\u00f6jdtr\u00e4ning vid Syddansk universitet. Han p\u00e5st\u00e5r att det knappt finns n\u00e5gra dokumenterade f\u00f6rdelar med att anv\u00e4nda h\u00f6jdmasker.<\/p>\n<p>I st\u00e4llet tror han att m\u00e5nga skidskyttar anv\u00e4nder dem \u201dav r\u00e4dsla f\u00f6r att missa n\u00e5got\u201d.<\/p>\n<p>Han h\u00e4vdar \u00e4ven att de \u00e4r sv\u00e5ra att anv\u00e4nda utan en expert n\u00e4rvarande.<\/p>\n<p>\u2013 Det finns en ratt p\u00e5 dem som man kan justera, men maskinerna \u00e4r v\u00e4ldigt oprecisa. Maskinen m\u00e4ter inte den faktiska m\u00e4ngden syrgas som maskinen utandas. Det g\u00f6r det sv\u00e5rt att veta hur mycket syre som finns i rummet, s\u00e5vida man inte har experter d\u00e4r f\u00f6r att m\u00e4ta det, s\u00e4ger forskaren.<\/p>\n<p>Sivert Guttorm Bakken hade dokumenterade hj\u00e4rtproblem och gjorde comeback i v\u00e4rldscupen i \u00e5r efter att ha varit borta fr\u00e5n sporten sedan s\u00e4songen 21\/22.\u00a0<\/p>\n<p><img alt=\"\"\/>Ljudklippet gick inte att spela upp<\/p>\n<p>F\u00f6rs\u00f6k igen senare<\/p>\n","protected":false},"excerpt":{"rendered":"Publicerad 25 dec 2025 kl 15.24Uppdaterad kl 19.38 Sivert Guttorm Bakken dog pl\u00f6tsligt med en h\u00f6jdmask p\u00e5 sig.&hellip;\n","protected":false},"author":2,"featured_media":116935,"comment_status":"","ping_status":"","sticky":false,"template":"","format":"standard","meta":{"footnotes":""},"categories":[5],"tags":[22,23,26,27,17,21,24,25,28,29,15,16,18,34,945,31,33,32,30,19,20],"class_list":{"0":"post-116934","1":"post","2":"type-post","3":"status-publish","4":"format-standard","5":"has-post-thumbnail","7":"category-rubriker","8":"tag-breaking-news","9":"tag-breakingnews","10":"tag-featured-news","11":"tag-featurednews","12":"tag-headlines","13":"tag-huvudnyheter","14":"tag-latest-news","15":"tag-latestnews","16":"tag-main-news","17":"tag-mainnews","18":"tag-news","19":"tag-nyheter","20":"tag-rubriker","21":"tag-se","22":"tag-sections-skidskytte","23":"tag-svenska","24":"tag-sverige","25":"tag-sweden","26":"tag-swedish","27":"tag-top-stories","28":"tag-topstories"},"share_on_mastodon":{"url":"https:\/\/pubeurope.com\/@se\/115782396348836662","error":""},"_links":{"self":[{"href":"https:\/\/www.europesays.com\/se\/wp-json\/wp\/v2\/posts\/116934","targetHints":{"allow":["GET"]}}],"collection":[{"href":"https:\/\/www.europesays.com\/se\/wp-json\/wp\/v2\/posts"}],"about":[{"href":"https:\/\/www.europesays.com\/se\/wp-json\/wp\/v2\/types\/post"}],"author":[{"embeddable":true,"href":"https:\/\/www.europesays.com\/se\/wp-json\/wp\/v2\/users\/2"}],"replies":[{"embeddable":true,"href":"https:\/\/www.europesays.com\/se\/wp-json\/wp\/v2\/comments?post=116934"}],"version-history":[{"count":0,"href":"https:\/\/www.europesays.com\/se\/wp-json\/wp\/v2\/posts\/116934\/revisions"}],"wp:featuredmedia":[{"embeddable":true,"href":"https:\/\/www.europesays.com\/se\/wp-json\/wp\/v2\/media\/116935"}],"wp:attachment":[{"href":"https:\/\/www.europesays.com\/se\/wp-json\/wp\/v2\/media?parent=116934"}],"wp:term":[{"taxonomy":"category","embeddable":true,"href":"https:\/\/www.europesays.com\/se\/wp-json\/wp\/v2\/categories?post=116934"},{"taxonomy":"post_tag","embeddable":true,"href":"https:\/\/www.europesays.com\/se\/wp-json\/wp\/v2\/tags?post=116934"}],"curies":[{"name":"wp","href":"https:\/\/api.w.org\/{rel}","templated":true}]}}