{"id":116936,"date":"2025-12-25T21:46:10","date_gmt":"2025-12-25T21:46:10","guid":{"rendered":"https:\/\/www.europesays.com\/se\/116936\/"},"modified":"2025-12-25T21:46:10","modified_gmt":"2025-12-25T21:46:10","slug":"vill-stoppa-pride-match-under-vm","status":"publish","type":"post","link":"https:\/\/www.europesays.com\/se\/116936\/","title":{"rendered":"Vill stoppa pride-match under VM"},"content":{"rendered":"<p>share-arrowDela<\/p>\n<p>unsaveSpara<\/p>\n<p>expand-left<\/p>\n<p>helsk\u00e4rm<img decoding=\"async\" class=\"image-asset hyperion-css-u06ts1\" data-test-tag=\"image-asset\" src=\"https:\/\/www.europesays.com\/se\/wp-content\/uploads\/2025\/12\/3f0ad945-19ad-41c1-931e-b7b54307c387\"  alt=\"Kaptensbindeln som f\u00f6rbj\u00f6ds under VM i Qatar 2022. Arkivbild.\"  loading=\"eager\" fetchpriority=\"high\" style=\"aspect-ratio:1900 \/ 1267\"\/>Kaptensbindeln som f\u00f6rbj\u00f6ds under VM i Qatar 2022. Arkivbild. Foto: Aijaz Rahi\/AP\/TT<\/p>\n<p class=\"hyperion-css-1shl3oz\" data-test-tag=\"lead-text\">Arrang\u00f6ren av n\u00e4sta \u00e5rs sex VM-matcher i Seattle uts\u00e5g en av dem till en pride-match. Det mots\u00e4tter sig ordf\u00f6randen f\u00f6r Irans fotbollsf\u00f6rbund, Mehdi Taj.<\/p>\n<p class=\"hyperion-css-1shl3oz\" data-test-tag=\"lead-text\">\u2013 Vi \u00e4r fast beslutna att f\u00f6rhindra detta, och vi kommer att g\u00f6ra det, s\u00e4ger han i en intervju med tidningen Hammihan enligt NTB.<\/p>\n<p class=\"hyperion-css-1v9qo5x\">Matchen ska spelas den 26 juni, dagen som markerar starten av det \u00e5rliga evenemanget Pridefest i amerikanska Seattle. Den lokala arrang\u00f6ren best\u00e4mde i somras d\u00e4rf\u00f6r att matchen skulle kantas av prideinslag.<\/p>\n<p class=\"hyperion-css-1v9qo5x\">Sedan f\u00f6ll lotten p\u00e5 att matchen ska spelas mellan Egypten och Iran, tv\u00e5 l\u00e4nder d\u00e4r homosexualitet i praktiken \u00e4r f\u00f6rbjudet.<\/p>\n<p class=\"hyperion-css-1v9qo5x\">Egypten har sedan tidigare skickat in ett brev till Fifa (Internationella fotbollsf\u00f6rbundet) i protest.<\/p>\n<p class=\"hyperion-css-1v9qo5x\">\u201dDet st\u00e5r i direkt motsats till de kulturella, religi\u00f6sa och sociala v\u00e4rderingarna i regionen\u201d, skrev de.<\/p>\n<p class=\"hyperion-css-1v9qo5x\">Nu har ocks\u00e5 r\u00f6ster fr\u00e5n Iran h\u00f6jts.<\/p>\n<p class=\"hyperion-css-1v9qo5x\">\u2013 Vi har \u00f6verhuvudtaget inget intresse av att v\u00e5r tredje VM-match spelas under regnb\u00e5gens f\u00e4rger, s\u00e4ger Mehdi Taj.<\/p>\n<p class=\"hyperion-css-1v9qo5x\">I Iran kan homosexualitet leda till d\u00f6dsstraff.<\/p>\n","protected":false},"excerpt":{"rendered":"share-arrowDela unsaveSpara expand-left helsk\u00e4rmKaptensbindeln som f\u00f6rbj\u00f6ds under VM i Qatar 2022. Arkivbild. Foto: Aijaz Rahi\/AP\/TT Arrang\u00f6ren av n\u00e4sta&hellip;\n","protected":false},"author":2,"featured_media":116937,"comment_status":"","ping_status":"","sticky":false,"template":"","format":"standard","meta":{"footnotes":""},"categories":[68],"tags":[34,111,110,31,33,32,30],"class_list":{"0":"post-116936","1":"post","2":"type-post","3":"status-publish","4":"format-standard","5":"has-post-thumbnail","7":"category-sport","8":"tag-se","9":"tag-sport","10":"tag-sports","11":"tag-svenska","12":"tag-sverige","13":"tag-sweden","14":"tag-swedish"},"share_on_mastodon":{"url":"https:\/\/pubeurope.com\/@se\/115782404387054055","error":""},"_links":{"self":[{"href":"https:\/\/www.europesays.com\/se\/wp-json\/wp\/v2\/posts\/116936","targetHints":{"allow":["GET"]}}],"collection":[{"href":"https:\/\/www.europesays.com\/se\/wp-json\/wp\/v2\/posts"}],"about":[{"href":"https:\/\/www.europesays.com\/se\/wp-json\/wp\/v2\/types\/post"}],"author":[{"embeddable":true,"href":"https:\/\/www.europesays.com\/se\/wp-json\/wp\/v2\/users\/2"}],"replies":[{"embeddable":true,"href":"https:\/\/www.europesays.com\/se\/wp-json\/wp\/v2\/comments?post=116936"}],"version-history":[{"count":0,"href":"https:\/\/www.europesays.com\/se\/wp-json\/wp\/v2\/posts\/116936\/revisions"}],"wp:featuredmedia":[{"embeddable":true,"href":"https:\/\/www.europesays.com\/se\/wp-json\/wp\/v2\/media\/116937"}],"wp:attachment":[{"href":"https:\/\/www.europesays.com\/se\/wp-json\/wp\/v2\/media?parent=116936"}],"wp:term":[{"taxonomy":"category","embeddable":true,"href":"https:\/\/www.europesays.com\/se\/wp-json\/wp\/v2\/categories?post=116936"},{"taxonomy":"post_tag","embeddable":true,"href":"https:\/\/www.europesays.com\/se\/wp-json\/wp\/v2\/tags?post=116936"}],"curies":[{"name":"wp","href":"https:\/\/api.w.org\/{rel}","templated":true}]}}