{"id":116938,"date":"2025-12-25T21:47:16","date_gmt":"2025-12-25T21:47:16","guid":{"rendered":"https:\/\/www.europesays.com\/se\/116938\/"},"modified":"2025-12-25T21:47:16","modified_gmt":"2025-12-25T21:47:16","slug":"jag-for-ner-till-bror-grisigare-an-huvudet-med-apple-i-kaften","status":"publish","type":"post","link":"https:\/\/www.europesays.com\/se\/116938\/","title":{"rendered":"&#8221;Jag for ner till bror&#8221; \u2013 grisigare \u00e4n huvudet med \u00e4pple i k\u00e4ften"},"content":{"rendered":"<p>P\u00e5 annandagen har SVT:s stora julsatsning &#8221;Jag for ner till bror&#8221; premi\u00e4r och om inte julmaten redan gjort sitt s\u00e5 g\u00f6r serien knappast aptiten b\u00e4ttre.Nu erbjuds inplastad f\u00e4rdigmat i mikron ist\u00e4llet f\u00f6r sm\u00f6rg\u00e5sbord, ljummen stark\u00f6l i l\u00e5ngburk ist\u00e4llet f\u00f6r gl\u00f6gg och nedpissade gubbar med sk\u00e4ggstubb i\u00a0st\u00e4llet f\u00f6r glada farbr\u00f6der i vitt sk\u00e4gg.Dags att l\u00e4gga undan godissk<\/p>\n","protected":false},"excerpt":{"rendered":"P\u00e5 annandagen har SVT:s stora julsatsning &#8221;Jag for ner till bror&#8221; premi\u00e4r och om inte julmaten redan gjort&hellip;\n","protected":false},"author":2,"featured_media":116939,"comment_status":"","ping_status":"","sticky":false,"template":"","format":"standard","meta":{"footnotes":""},"categories":[67],"tags":[104,34,31,33,32,30,105],"class_list":{"0":"post-116938","1":"post","2":"type-post","3":"status-publish","4":"format-standard","5":"has-post-thumbnail","7":"category-underhallning","8":"tag-entertainment","9":"tag-se","10":"tag-svenska","11":"tag-sverige","12":"tag-sweden","13":"tag-swedish","14":"tag-underhallning"},"share_on_mastodon":{"url":"https:\/\/pubeurope.com\/@se\/115782408101924835","error":""},"_links":{"self":[{"href":"https:\/\/www.europesays.com\/se\/wp-json\/wp\/v2\/posts\/116938","targetHints":{"allow":["GET"]}}],"collection":[{"href":"https:\/\/www.europesays.com\/se\/wp-json\/wp\/v2\/posts"}],"about":[{"href":"https:\/\/www.europesays.com\/se\/wp-json\/wp\/v2\/types\/post"}],"author":[{"embeddable":true,"href":"https:\/\/www.europesays.com\/se\/wp-json\/wp\/v2\/users\/2"}],"replies":[{"embeddable":true,"href":"https:\/\/www.europesays.com\/se\/wp-json\/wp\/v2\/comments?post=116938"}],"version-history":[{"count":0,"href":"https:\/\/www.europesays.com\/se\/wp-json\/wp\/v2\/posts\/116938\/revisions"}],"wp:featuredmedia":[{"embeddable":true,"href":"https:\/\/www.europesays.com\/se\/wp-json\/wp\/v2\/media\/116939"}],"wp:attachment":[{"href":"https:\/\/www.europesays.com\/se\/wp-json\/wp\/v2\/media?parent=116938"}],"wp:term":[{"taxonomy":"category","embeddable":true,"href":"https:\/\/www.europesays.com\/se\/wp-json\/wp\/v2\/categories?post=116938"},{"taxonomy":"post_tag","embeddable":true,"href":"https:\/\/www.europesays.com\/se\/wp-json\/wp\/v2\/tags?post=116938"}],"curies":[{"name":"wp","href":"https:\/\/api.w.org\/{rel}","templated":true}]}}