{"id":116940,"date":"2025-12-25T21:49:07","date_gmt":"2025-12-25T21:49:07","guid":{"rendered":"https:\/\/www.europesays.com\/se\/116940\/"},"modified":"2025-12-25T21:49:07","modified_gmt":"2025-12-25T21:49:07","slug":"musks-superfiasko-trots-loftet-han-gav","status":"publish","type":"post","link":"https:\/\/www.europesays.com\/se\/116940\/","title":{"rendered":"Musks superfiasko\n\u2013 trots l\u00f6ftet han gav"},"content":{"rendered":"<p>Publicerad 25 dec 2025 kl 22.29<\/p>\n<p>N\u00e4r Elon Musk ledde Doge-arbetet lovade han att det skulle minska statliga utgifter.\u00a0<\/p>\n<p>Trots l\u00f6ftet har utgifterna \u00f6kat de under Trump-administrationen.<\/p>\n<p>Det visar nya rapporter, skriver <a href=\"https:\/\/www.independent.co.uk\/news\/world\/americas\/us-politics\/trump-doge-government-spending-2025-b2890243.html\" rel=\"nofollow noopener\" target=\"_blank\">Independent<\/a>.<\/p>\n<p>Senaste nyhetsklippen fr\u00e5n Expressen.<img   alt=\"\"\/><\/p>\n<p>Elon Musk.<\/p>\n<p>Foto: SUSAN WALSH \/ AP TT NYHETSBYR\u00c5N<\/p>\n<p>\u00d6ppna bild i helsk\u00e4rm<img loading=\"lazy\"   alt=\"\"\/><\/p>\n<p>Donald Trump.<\/p>\n<p>Foto: ALEX BRANDON \/ AP TT NYHETSBYR\u00c5N<\/p>\n<p>\u00d6ppna bild i helsk\u00e4rm<\/p>\n<p>Teslachefen <a href=\"https:\/\/www.expressen.se\/tagg\/person\/elon-musk\/\" class=\"\" rel=\"nofollow noopener\" target=\"_blank\">Elon Musk<\/a> fick i uppdrag av USA:s president Donald Trump att leda Doge-arbetet med att hitta besparingar f\u00f6r statsapparaten vilket resulterade i massupps\u00e4gningar och omfattande kritik.<\/p>\n<p>Musk lovade initialt att Doge skulle sk\u00e4ra ner tv\u00e5 biljoner dollar i \u201dsl\u00f6seri, bedr\u00e4geri och missbruk\u201d, ett m\u00e5l som senare reducerades till en biljon dollar och s\u00e5 sm\u00e5ningom 150 miljarder dollar. Men de offentliga utgifterna under Trump-administrationen har i st\u00e4llet \u00f6kat under 2025, enligt analyser fr\u00e5n tankesmedjor och The New York Times.<\/p>\n<p>Doge \u201dmisslyckades med att minska utgifterna\u201d, enligt en analys fr\u00e5n Cato Institute som fokuserade p\u00e5 federala utgifter och syssels\u00e4ttning.<\/p>\n<p>Brookings Institution Hamilton Project som sp\u00e5rar utgifter i realtid fann att de offentliga utgifterna i \u00e5r har \u00f6kat med n\u00e4stan sex procent.<\/p>\n<p>\u201dVisade sig vara felaktiga\u201d<\/p>\n<p>\u00c4ven om Doge gjorde tusentals nedsk\u00e4rningar h\u00e4vdade New York Times att de 13 st\u00f6rsta alla \u201dvisade sig vara felaktiga\u201d, vilket enligt tidningen \u00e4r en av de fr\u00e4msta anledningarna till att organisationen misslyckades med att minska de federala utgifterna. Tv\u00e5 kontrakt fr\u00e5n f\u00f6rsvarsdepartementet, listade som \u201dupps\u00e4gningar\u201d, p\u00e5stods ha sparat de amerikanska skattebetalarna 7,9 miljarder dollar, men enligt tidningen \u00e4r kontrakten fortfarande aktiva.<\/p>\n<p>Som svar p\u00e5 tidningens analys sade en talesperson f\u00f6r Vita huset att \u201dpresident Trump lovade att minska sl\u00f6seriet, bedr\u00e4gerierna och missbruket i regering\u201d.<\/p>\n<p>Trump-administrationen har h\u00e4vdat att den federala syssels\u00e4ttningen \u201dnu \u00e4r p\u00e5 den l\u00e4gsta niv\u00e5n sedan 2014\u201d sedan president Trump tilltr\u00e4dde.<\/p>\n<p>Musk l\u00e4mnade sitt Doge-uppdrag i maj. I en intervju h\u00e4vdade Musk att Doge var \u201dframg\u00e5ngsrikt\u201d med att n\u00e5 sina kostnadsbesparingsm\u00e5l men sade att han inte skulle lansera initiativet igen om han fick chansen.<\/p>\n","protected":false},"excerpt":{"rendered":"Publicerad 25 dec 2025 kl 22.29 N\u00e4r Elon Musk ledde Doge-arbetet lovade han att det skulle minska statliga&hellip;\n","protected":false},"author":2,"featured_media":116941,"comment_status":"","ping_status":"","sticky":false,"template":"","format":"standard","meta":{"footnotes":""},"categories":[65],"tags":[72,70,71,198,984,34,55,31,33,32,30,204],"class_list":{"0":"post-116940","1":"post","2":"type-post","3":"status-publish","4":"format-standard","5":"has-post-thumbnail","7":"category-ekonomi","8":"tag-business","9":"tag-economy","10":"tag-ekonomi","11":"tag-person-donald-trump","12":"tag-person-elon-musk","13":"tag-se","14":"tag-sections-varlden","15":"tag-svenska","16":"tag-sverige","17":"tag-sweden","18":"tag-swedish","19":"tag-topic-amerikansk-politik"},"share_on_mastodon":{"url":"https:\/\/pubeurope.com\/@se\/115782416032757973","error":""},"_links":{"self":[{"href":"https:\/\/www.europesays.com\/se\/wp-json\/wp\/v2\/posts\/116940","targetHints":{"allow":["GET"]}}],"collection":[{"href":"https:\/\/www.europesays.com\/se\/wp-json\/wp\/v2\/posts"}],"about":[{"href":"https:\/\/www.europesays.com\/se\/wp-json\/wp\/v2\/types\/post"}],"author":[{"embeddable":true,"href":"https:\/\/www.europesays.com\/se\/wp-json\/wp\/v2\/users\/2"}],"replies":[{"embeddable":true,"href":"https:\/\/www.europesays.com\/se\/wp-json\/wp\/v2\/comments?post=116940"}],"version-history":[{"count":0,"href":"https:\/\/www.europesays.com\/se\/wp-json\/wp\/v2\/posts\/116940\/revisions"}],"wp:featuredmedia":[{"embeddable":true,"href":"https:\/\/www.europesays.com\/se\/wp-json\/wp\/v2\/media\/116941"}],"wp:attachment":[{"href":"https:\/\/www.europesays.com\/se\/wp-json\/wp\/v2\/media?parent=116940"}],"wp:term":[{"taxonomy":"category","embeddable":true,"href":"https:\/\/www.europesays.com\/se\/wp-json\/wp\/v2\/categories?post=116940"},{"taxonomy":"post_tag","embeddable":true,"href":"https:\/\/www.europesays.com\/se\/wp-json\/wp\/v2\/tags?post=116940"}],"curies":[{"name":"wp","href":"https:\/\/api.w.org\/{rel}","templated":true}]}}