{"id":116944,"date":"2025-12-25T21:55:47","date_gmt":"2025-12-25T21:55:47","guid":{"rendered":"https:\/\/www.europesays.com\/se\/116944\/"},"modified":"2025-12-25T21:55:47","modified_gmt":"2025-12-25T21:55:47","slug":"red-bull-toppen-klopp-har-ingen-utkopsklausul-bundesliga","status":"publish","type":"post","link":"https:\/\/www.europesays.com\/se\/116944\/","title":{"rendered":"Red Bull-toppen: &#8221;Klopp har ingen utk\u00f6psklausul&#8221; &#8211; Bundesliga"},"content":{"rendered":"<p>J\u00fcrgen Klopp har under h\u00f6sten ryktats vara aktuell f\u00f6r en \u00e5terkomst till n\u00e5gon av Europas mest eftertraktade sidlinjer.<\/p>\n<p>B\u00e5de klubbar i Saudiarabien samt ett d\u00e5 krisande Liverpool har vid olika tidpunkter uppgetts vilja plocka in tysken.<\/p>\n<p>Klopp \u00e4r just nu &#8221;Head of Global Football&#8221;, f\u00f6r Red Bull-koncernen som driver ett flertal klubbar runt om i v\u00e4rlden. Detta efter att tysken firat stora framg\u00e5ngar som huvudtr\u00e4nare i just Liverpool och dessf\u00f6rinnan Borussia Dortmund samt Mainz.<\/p>\n<p>Efter att Real Madrid haft en p\u00e5 olika s\u00e4tt utmanade f\u00f6rsta halva p\u00e5 s\u00e4songen har Xabi Alonso uppgetts h\u00e4nga l\u00f6st p\u00e5 tr\u00e4narposten. Klopps namn har d\u00e5 n\u00e4mnts som en t\u00e4nkbar ers\u00e4ttare.<\/p>\n<p>Nu kliver Oliver Mintzlaff, VD f\u00f6r RB Leipzig, fram och ger ett best\u00e4mt svar. Enligt Leipzig-toppen fick det ingen utk\u00f6psklausul p\u00e5 Klopp och tysken sj\u00e4lv ska inte ha n\u00e5gra planer p\u00e5 att l\u00e4mna Red Bull.<\/p>\n<p>&#8211; Han har l\u00e5tit laget ta ett steg fram\u00e5t och har hittat en exceptionell balans mellan sitt st\u00f6d p\u00e5 planen och behovet av att ge klubben lite spelrum. J\u00fcrgen Klopp har utnyttjat sin m\u00f6jlighet genom att komma till oss p\u00e5 en fri transfer, s\u00e4ger Mintzlaff till Bild och forts\u00e4tter:<\/p>\n<p>&#8211; Han k\u00e4nner sig hemma hos oss och har redan l\u00e4rt sig oerh\u00f6rt mycket. Hans kontrakt inneh\u00e5ller ingen utk\u00f6psklausul, och hans engagemang f\u00f6r oss \u00e4r obestridligt. <\/p>\n<p>The Telegraph har tidigare i december d\u00f6mt ut chanserna f\u00f6r en Klopp-\u00e5terkomst till Liverpool, i alla fall inom den n\u00e4rmsta framtiden. <\/p>\n","protected":false},"excerpt":{"rendered":"J\u00fcrgen Klopp har under h\u00f6sten ryktats vara aktuell f\u00f6r en \u00e5terkomst till n\u00e5gon av Europas mest eftertraktade sidlinjer.&hellip;\n","protected":false},"author":2,"featured_media":116945,"comment_status":"","ping_status":"","sticky":false,"template":"","format":"standard","meta":{"footnotes":""},"categories":[68],"tags":[34,111,110,31,33,32,30],"class_list":{"0":"post-116944","1":"post","2":"type-post","3":"status-publish","4":"format-standard","5":"has-post-thumbnail","7":"category-sport","8":"tag-se","9":"tag-sport","10":"tag-sports","11":"tag-svenska","12":"tag-sverige","13":"tag-sweden","14":"tag-swedish"},"share_on_mastodon":{"url":"https:\/\/pubeurope.com\/@se\/115782443529867737","error":""},"_links":{"self":[{"href":"https:\/\/www.europesays.com\/se\/wp-json\/wp\/v2\/posts\/116944","targetHints":{"allow":["GET"]}}],"collection":[{"href":"https:\/\/www.europesays.com\/se\/wp-json\/wp\/v2\/posts"}],"about":[{"href":"https:\/\/www.europesays.com\/se\/wp-json\/wp\/v2\/types\/post"}],"author":[{"embeddable":true,"href":"https:\/\/www.europesays.com\/se\/wp-json\/wp\/v2\/users\/2"}],"replies":[{"embeddable":true,"href":"https:\/\/www.europesays.com\/se\/wp-json\/wp\/v2\/comments?post=116944"}],"version-history":[{"count":0,"href":"https:\/\/www.europesays.com\/se\/wp-json\/wp\/v2\/posts\/116944\/revisions"}],"wp:featuredmedia":[{"embeddable":true,"href":"https:\/\/www.europesays.com\/se\/wp-json\/wp\/v2\/media\/116945"}],"wp:attachment":[{"href":"https:\/\/www.europesays.com\/se\/wp-json\/wp\/v2\/media?parent=116944"}],"wp:term":[{"taxonomy":"category","embeddable":true,"href":"https:\/\/www.europesays.com\/se\/wp-json\/wp\/v2\/categories?post=116944"},{"taxonomy":"post_tag","embeddable":true,"href":"https:\/\/www.europesays.com\/se\/wp-json\/wp\/v2\/tags?post=116944"}],"curies":[{"name":"wp","href":"https:\/\/api.w.org\/{rel}","templated":true}]}}