{"id":116946,"date":"2025-12-25T21:56:47","date_gmt":"2025-12-25T21:56:47","guid":{"rendered":"https:\/\/www.europesays.com\/se\/116946\/"},"modified":"2025-12-25T21:56:47","modified_gmt":"2025-12-25T21:56:47","slug":"mellandagsmagi-2025-din-ultimata-guide-till-dagarna-mellan-helgerna","status":"publish","type":"post","link":"https:\/\/www.europesays.com\/se\/116946\/","title":{"rendered":"Mellandagsmagi 2025 \u2013 Din ultimata guide till dagarna mellan helgerna"},"content":{"rendered":"<p>Julmaten \u00e4r upp\u00e4ten, klapparna \u00e4r \u00f6ppnade och lugnet (eller rastl\u00f6sheten?) b\u00f6rjar l\u00e4gga sig. Mellandagarna \u00e4r den perfekta tiden att \u00e5teruppt\u00e4cka Sk\u00e5ne. Oavsett om du vill br\u00e4nna energi p\u00e5 ett hoppborgsdisco, njuta av en pampig ny\u00e5rsgala eller bara andas ut i Vattenriket, har vi vaskat fram guldkornen f\u00f6r perioden 26\u201330 december.<\/p>\n<p>H\u00e4r \u00e4r din guide till ett sprakande Sk\u00e5ne innan ny\u00e5rsklockorna ringer in 2026.<\/p>\n<p>\ud83c\udfad Kultur &amp; Scen: Fr\u00e5n skrattfest till galapremi\u00e4r<\/p>\n<p>Kulturlivet i Sk\u00e5ne tar ingen semester. Tv\u00e4rtom v\u00e4xlar regionens scener upp med allt fr\u00e5n humorkaos till klassisk elegans.<\/p>\n<ul class=\"wp-block-list\">\n<li><strong>Malm\u00f6s pampigaste avslut:<\/strong> P\u00e5 <strong>Malm\u00f6 Live<\/strong> firas \u00e5ret ut med pompa och st\u00e5t. Den 30 december drar <strong>Ny\u00e5rsgalan 2025<\/strong> ig\u00e5ng. T\u00e4nk dig Malm\u00f6 SymfoniOrkester under ledning av Martyn Brabbins, sopranen Maria Bengtsson och en repertoar som blandar Strauss med Sjostakovitj. Vill du avsluta \u00e5ret med stil \u00e4r det hit du ska bege dig.<\/li>\n<li><strong>Teaterkaos p\u00e5 Hipp:<\/strong> \u00c4r du tr\u00f6tt p\u00e5 den perfekta julidyllen? P\u00e5 <strong>Malm\u00f6 Stadsteater (Hipp)<\/strong> spelas En julsaga havererar. F\u00f6rest\u00e4llningen beskrivs som \u201den sk\u00e5despelares v\u00e4rsta mardr\u00f6m\u201d d\u00e4r allt g\u00e5r fel \u2013 en perfekt motvikt till julens m\u00e5sten.<\/li>\n<li><strong>Storslaget i Helsingborg:<\/strong> F\u00f6r familjen ger <strong>Helsingborgs Stadsteater<\/strong> den hyllade f\u00f6rest\u00e4llningen Jim och Piraterna Blom (27, 28, 30 dec). En ber\u00e4ttelse om mod och v\u00e4nskap som g\u00e5r hem hos b\u00e5de stora och sm\u00e5.<\/li>\n<li><strong>Revypremi\u00e4r:<\/strong> F\u00f6r den som vill skratta in det nya \u00e5ret \u00e4r det premi\u00e4r f\u00f6r <strong>I grevens tid<\/strong> med Stumpen-Ensemblen p\u00e5 Helsingborgs Stadsteater den 30 december.<\/li>\n<\/ul>\n<p>\ud83c\udfc3\u200d\u2640\ufe0f F\u00f6r Familjen: Spring i benen och smarta upplevelser<\/p>\n<p>N\u00e4r barnen kl\u00e4ttrar p\u00e5 v\u00e4ggarna hemma erbjuder Sk\u00e5ne fantastiska m\u00f6jligheter att g\u00f6ra av med energi \u2013 b\u00e5de fysiskt och mentalt.<\/p>\n<p>Helsingborg \u2013 Barnens huvudstad i mellandagarna<\/p>\n<p>Helsingborg satsar stort p\u00e5 avgiftsfria lovaktiviteter under vinjetten \u201dUng Fritid\u201d.<\/p>\n<ul class=\"wp-block-list\">\n<li><strong>Hoppa loss:<\/strong> Den 29\u201330 december fylls <strong>Teknikhallen<\/strong> med enorma hoppborgar, hinderbanor och mekaniska tjurar under eventet Hoppa i mellandagarna.<\/li>\n<li><strong>Isdisco:<\/strong> Sn\u00f6ra p\u00e5 er skridskorna och glid fram till ljusshow och DJ p\u00e5 <strong>Olympiarinken<\/strong> den 29 december (kl. 18:00). Gratis intr\u00e4de och garanterat bra st\u00e4mning!<\/li>\n<li><strong>Fotboll &amp; Gaming:<\/strong> P\u00e5 <strong>Fuzed<\/strong> kombineras fysisk fotboll med arkadspel och e-sport den 30 december \u2013 en dr\u00f6m f\u00f6r den spelsugna 10\u201312-\u00e5ringen.<\/li>\n<\/ul>\n<p>Lund &amp; \u00d6sterlen \u2013 Tidsresor och Vetenskap<\/p>\n<ul class=\"wp-block-list\">\n<li><strong>Smart kul i Lund:<\/strong> <strong>Vattenhallen Science Center<\/strong> h\u00e5ller extra \u00f6ppet 27\u201330 december. Missa inte deras spektakul\u00e4ra Robotshow den 27 december eller Quantumshow den 28 december. Perfekt f\u00f6r nyfikna hj\u00e4rnor!<\/li>\n<li><strong>Medeltida pyssel:<\/strong> P\u00e5 <strong>Glimmingehus<\/strong> p\u00e5g\u00e5r Medeltida mellandagar (28\u201330 dec). H\u00e4r kan barnen tillverka egna medeltida kalendrar och prova p\u00e5 att skriva med fj\u00e4derpenna och bl\u00e4ck i en autentisk borgmilj\u00f6.<\/li>\n<\/ul>\n<p>\ud83e\udd42 Fest &amp; Puls: Dansa ut julen<\/p>\n<p>Beh\u00f6ver du en paus fr\u00e5n julmusten? Malm\u00f6 och Lund bjuder upp till dans med alternativ som passar alla smaker.<\/p>\n<ul class=\"wp-block-list\">\n<li><strong>Schlagerpunk i Lund:<\/strong> P\u00e5 <strong>Mejeriet<\/strong> den 27 december intar Schlagerpunkarna scenen med ett tydligt uppdrag: att r\u00f6ja bort julen med en blandning av punk\u00f6s och schlagergl\u00e4dje.<\/li>\n<li><strong>Retro och Balett i Malm\u00f6:<\/strong> <strong>Moriska Paviljongen<\/strong> \u00e4r mellandagarnas kameleont. Den 26 december \u00e4r det Club Staying Alive f\u00f6r den danssugna, och den 27 december bjuds det p\u00e5 den visuellt sl\u00e5ende We Call It Ballet med ljusshow, f\u00f6ljt av Latino X-Mas senare p\u00e5 kv\u00e4llen.<\/li>\n<li><strong>Julfesten:<\/strong> F\u00f6r nattugglorna arrangerar <strong>Babel<\/strong> i Malm\u00f6 den stora Julfesten den 29 december med temat \u201dGlitter &amp; Glamour\u201d.<\/li>\n<\/ul>\n<p>\ud83c\udf3f Natur &amp; \u00c5terh\u00e4mtning: Frisk luft och f\u00e5gelsk\u00e5dning<\/p>\n<p>Ibland \u00e4r det b\u00e4sta s\u00e4ttet att ladda batterierna att bara ge sig ut.<\/p>\n<ul class=\"wp-block-list\">\n<li><strong>Annandagsvandring i Vattenriket:<\/strong> I <strong>Kristianstad<\/strong> \u00e4r det tradition att vandra l\u00e4ngs Linn\u00e9rundan p\u00e5 annandagen (26 dec). F\u00f6lj med guiderna fr\u00e5n Naturum och spana efter \u00f6vervintrande f\u00e5glar.<\/li>\n<li><strong>Vinterf\u00e5glar p\u00e5 Ribban:<\/strong> Malm\u00f6borna samlas p\u00e5 <strong>Ribersborg<\/strong> den 26 december f\u00f6r guidad f\u00e5gelsk\u00e5dning. Har du tur f\u00e5r du se sibiriska bl\u00e4s\u00e4nder guppa i \u00d6resund.<\/li>\n<li><strong>After Work vid havet:<\/strong> Vill du kombinera natur med njutning? <strong>\u00c5hus Seaside<\/strong> k\u00f6r After Work med ostron, pizza och pianomusik den 26 december. En perfekt bel\u00f6ning efter en strandpromenad.<\/li>\n<\/ul>\n<p>\ud83d\udcc5 Snabblistan: Dag f\u00f6r Dag<\/p>\n<p><strong>Fredag 26 december<\/strong><\/p>\n<ul class=\"wp-block-list\">\n<li>\ud83e\udd86 Natur: Annandagsvandring, Naturum Vattenriket (Kristianstad).<\/li>\n<li>\ud83d\udd7a Fest: Club Staying Alive, Moriska Paviljongen (Malm\u00f6).<\/li>\n<li>\u26bd Sport: Zonen (Nattfotboll), Teknikhallen (Helsingborg).<\/li>\n<\/ul>\n<p><strong>L\u00f6rdag 27 december<\/strong><\/p>\n<ul class=\"wp-block-list\">\n<li>\ud83c\udfb8 Musik: Schlagerpunkarna, Mejeriet (Lund).<\/li>\n<li>\ud83e\udd16 Familj: Robotshow, Vattenhallen (Lund).<\/li>\n<li>\ud83e\ude70 Kultur: We Call It Ballet, Moriskan (Malm\u00f6).<\/li>\n<\/ul>\n<p><strong>S\u00f6ndag 28 december<\/strong><\/p>\n<ul class=\"wp-block-list\">\n<li>\ud83c\udff0 Historia: Medeltida mellandagar startar, Glimmingehus (\u00d6sterlen).<\/li>\n<li>\u269b\ufe0f Familj: Quantumshow, Vattenhallen (Lund).<\/li>\n<\/ul>\n<p><strong>M\u00e5ndag 29 december<\/strong><\/p>\n<ul class=\"wp-block-list\">\n<li>\u26f8\ufe0f N\u00f6je: Isdisco, Olympiarinken (Helsingborg).<\/li>\n<li>\ud83c\udff0 Lek: Hoppa i mellandagarna, Teknikhallen (Helsingborg).<\/li>\n<li>\ud83e\udd42 Fest: Julfesten, Babel (Malm\u00f6).<\/li>\n<\/ul>\n<p><strong>Tisdag 30 december<\/strong><\/p>\n<ul class=\"wp-block-list\">\n<li>\ud83c\udfbb Gala: Ny\u00e5rsgala 2025, Malm\u00f6 Live.<\/li>\n<li>\ud83c\udfad Premi\u00e4r: I grevens tid, Helsingborgs Stadsteater.<\/li>\n<li>\ud83c\udfae Gaming: Fotboll &amp; Arcade, Fuzed (Helsingborg).<\/li>\n<\/ul>\n<p>Vi p\u00e5 Sk\u00e5ne Plus \u00f6nskar er en fantastisk forts\u00e4ttning och ett gott nytt \u00e5r!<\/p>\n","protected":false},"excerpt":{"rendered":"Julmaten \u00e4r upp\u00e4ten, klapparna \u00e4r \u00f6ppnade och lugnet (eller rastl\u00f6sheten?) b\u00f6rjar l\u00e4gga sig. Mellandagarna \u00e4r den perfekta tiden&hellip;\n","protected":false},"author":2,"featured_media":116947,"comment_status":"","ping_status":"","sticky":false,"template":"","format":"standard","meta":{"footnotes":""},"categories":[67],"tags":[104,34,31,33,32,30,105],"class_list":{"0":"post-116946","1":"post","2":"type-post","3":"status-publish","4":"format-standard","5":"has-post-thumbnail","7":"category-underhallning","8":"tag-entertainment","9":"tag-se","10":"tag-svenska","11":"tag-sverige","12":"tag-sweden","13":"tag-swedish","14":"tag-underhallning"},"share_on_mastodon":{"url":"https:\/\/pubeurope.com\/@se\/115782447503160329","error":""},"_links":{"self":[{"href":"https:\/\/www.europesays.com\/se\/wp-json\/wp\/v2\/posts\/116946","targetHints":{"allow":["GET"]}}],"collection":[{"href":"https:\/\/www.europesays.com\/se\/wp-json\/wp\/v2\/posts"}],"about":[{"href":"https:\/\/www.europesays.com\/se\/wp-json\/wp\/v2\/types\/post"}],"author":[{"embeddable":true,"href":"https:\/\/www.europesays.com\/se\/wp-json\/wp\/v2\/users\/2"}],"replies":[{"embeddable":true,"href":"https:\/\/www.europesays.com\/se\/wp-json\/wp\/v2\/comments?post=116946"}],"version-history":[{"count":0,"href":"https:\/\/www.europesays.com\/se\/wp-json\/wp\/v2\/posts\/116946\/revisions"}],"wp:featuredmedia":[{"embeddable":true,"href":"https:\/\/www.europesays.com\/se\/wp-json\/wp\/v2\/media\/116947"}],"wp:attachment":[{"href":"https:\/\/www.europesays.com\/se\/wp-json\/wp\/v2\/media?parent=116946"}],"wp:term":[{"taxonomy":"category","embeddable":true,"href":"https:\/\/www.europesays.com\/se\/wp-json\/wp\/v2\/categories?post=116946"},{"taxonomy":"post_tag","embeddable":true,"href":"https:\/\/www.europesays.com\/se\/wp-json\/wp\/v2\/tags?post=116946"}],"curies":[{"name":"wp","href":"https:\/\/api.w.org\/{rel}","templated":true}]}}