{"id":116956,"date":"2025-12-25T22:26:29","date_gmt":"2025-12-25T22:26:29","guid":{"rendered":"https:\/\/www.europesays.com\/se\/116956\/"},"modified":"2025-12-25T22:26:29","modified_gmt":"2025-12-25T22:26:29","slug":"stor-sokinsats-efter-forsvunnen-bat-i-oxelosund","status":"publish","type":"post","link":"https:\/\/www.europesays.com\/se\/116956\/","title":{"rendered":"Stor s\u00f6kinsats efter f\u00f6rsvunnen b\u00e5t i Oxel\u00f6sund"},"content":{"rendered":"<p>Strax f\u00f6re klockan 21 p\u00e5 juldagen inkom uppgifter om en misst\u00e4nkt n\u00f6dsituation till SOS Alarm, d\u00e4r det initialt fanns uppgifter om att en person ramlat i vattnet.<\/p>\n<p>Polisen uppger dock att insatsen g\u00e4ller en f\u00f6rsvunnen b\u00e5t med tv\u00e5 personer ombord. <\/p>\n<p>Insatsen p\u00e5g\u00e5r<\/p>\n<p>Enligt Sj\u00f6fartsverkets sj\u00f6- och flygr\u00e4ddningscentral har flera resurser satts in i s\u00f6kandet. En r\u00e4ddningshelikopter har skickats fr\u00e5n Visby, samtidigt som tv\u00e5 av Kustbevakningens fartyg deltar. \u00c4ven Sj\u00f6r\u00e4ddningss\u00e4llskapets b\u00e5tar fr\u00e5n Trosa och Ark\u00f6sund medverkar, och insatsen samordnas fr\u00e5n en lotsb\u00e5t.<\/p>\n<p>Vid 22-tiden uppgav r\u00e4ddningstj\u00e4nsten att man inte deltog p\u00e5 plats, och vid halv elva fortsatte s\u00f6karbetet i omr\u00e5det.<\/p>\n","protected":false},"excerpt":{"rendered":"Strax f\u00f6re klockan 21 p\u00e5 juldagen inkom uppgifter om en misst\u00e4nkt n\u00f6dsituation till SOS Alarm, d\u00e4r det initialt&hellip;\n","protected":false},"author":2,"featured_media":116957,"comment_status":"","ping_status":"","sticky":false,"template":"","format":"standard","meta":{"footnotes":""},"categories":[14],"tags":[22,23,26,27,17,21,24,25,28,29,15,16,18,34,31,33,32,30,19,20,51,52,53,54],"class_list":{"0":"post-116956","1":"post","2":"type-post","3":"status-publish","4":"format-standard","5":"has-post-thumbnail","7":"category-varlden","8":"tag-breaking-news","9":"tag-breakingnews","10":"tag-featured-news","11":"tag-featurednews","12":"tag-headlines","13":"tag-huvudnyheter","14":"tag-latest-news","15":"tag-latestnews","16":"tag-main-news","17":"tag-mainnews","18":"tag-news","19":"tag-nyheter","20":"tag-rubriker","21":"tag-se","22":"tag-svenska","23":"tag-sverige","24":"tag-sweden","25":"tag-swedish","26":"tag-top-stories","27":"tag-topstories","28":"tag-varlden","29":"tag-world","30":"tag-world-news","31":"tag-worldnews"},"share_on_mastodon":{"url":"https:\/\/pubeurope.com\/@se\/115782561469707848","error":""},"_links":{"self":[{"href":"https:\/\/www.europesays.com\/se\/wp-json\/wp\/v2\/posts\/116956","targetHints":{"allow":["GET"]}}],"collection":[{"href":"https:\/\/www.europesays.com\/se\/wp-json\/wp\/v2\/posts"}],"about":[{"href":"https:\/\/www.europesays.com\/se\/wp-json\/wp\/v2\/types\/post"}],"author":[{"embeddable":true,"href":"https:\/\/www.europesays.com\/se\/wp-json\/wp\/v2\/users\/2"}],"replies":[{"embeddable":true,"href":"https:\/\/www.europesays.com\/se\/wp-json\/wp\/v2\/comments?post=116956"}],"version-history":[{"count":0,"href":"https:\/\/www.europesays.com\/se\/wp-json\/wp\/v2\/posts\/116956\/revisions"}],"wp:featuredmedia":[{"embeddable":true,"href":"https:\/\/www.europesays.com\/se\/wp-json\/wp\/v2\/media\/116957"}],"wp:attachment":[{"href":"https:\/\/www.europesays.com\/se\/wp-json\/wp\/v2\/media?parent=116956"}],"wp:term":[{"taxonomy":"category","embeddable":true,"href":"https:\/\/www.europesays.com\/se\/wp-json\/wp\/v2\/categories?post=116956"},{"taxonomy":"post_tag","embeddable":true,"href":"https:\/\/www.europesays.com\/se\/wp-json\/wp\/v2\/tags?post=116956"}],"curies":[{"name":"wp","href":"https:\/\/api.w.org\/{rel}","templated":true}]}}