{"id":116958,"date":"2025-12-25T22:30:15","date_gmt":"2025-12-25T22:30:15","guid":{"rendered":"https:\/\/www.europesays.com\/se\/116958\/"},"modified":"2025-12-25T22:30:15","modified_gmt":"2025-12-25T22:30:15","slug":"infor-plymouth-argyle-reading","status":"publish","type":"post","link":"https:\/\/www.europesays.com\/se\/116958\/","title":{"rendered":"Inf\u00f6r Plymouth Argyle &#8211; Reading"},"content":{"rendered":"<p>Home Park, 2025-12-26 16:00<\/p>\n<p>P\u00e5 Annandag Jul spelar Argyle p\u00e5 hemmaplan &#8211; f\u00f6r f\u00f6rsta g\u00e5ngen sedan 2016! Efter tre raka segrar tittar laget upp\u00e5t i tabellen och hoppas kunna forts\u00e4tta mot \u00f6vre halvan n\u00e4r oj\u00e4mna Reading kommer p\u00e5 bes\u00f6k.<\/p>\n<p><strong>3 veckor \u00e4r l\u00e5ng tid i fotboll&#8230;<\/strong><\/p>\n<p>Det \u00e4r sv\u00e5rt att tro att det bara har g\u00e5tt tre veckor sedan Argyle h\u00f6ll sin Fans Forum. Laget hade precis f\u00f6rlorat med 0-3 p\u00e5 hemmaplan mot Northampton och hade sex po\u00e4ngs marginal upp till strecket. Skyttekungen och enda m\u00e5lhotet Tolaj var avst\u00e4ngd i tre matcher efter sitt r\u00f6da kort i den matchen, och alla tog f\u00f6r givet att inga m\u00e5l skulle g\u00f6ras tills han \u00e5terkom. St\u00e4mningen var generellt r\u00e4tt s\u00e5 h\u00e4tsk och det var f\u00e5 som hade f\u00f6rst\u00e5else f\u00f6r klubbens beslut att inte sparka Tom Cleverley trots usel form i mer \u00e4n en m\u00e5nad.<\/p>\n<p>Sedan dess har Argyle vunnit 4 matcher och f\u00f6rlorat en (n\u00e5got oturligt mot topplaget Bradford). De var uppenbarligen ett mycket b\u00e4ttre lag \u00e4n Doncaster senast och det \u00e4r pl\u00f6tsligt v\u00e4ldigt sv\u00e5rt att tro att nedflyttning till League Two \u00e4r realistisk givet hur vi spelade d\u00e4r. Uppticket i form orsakas f\u00f6rst\u00e5s i viss m\u00e5n av att flera nyckelspelare \u00e5terkommer efter l\u00e5ng skadefr\u00e5nvaro, men om man ska kasta skit p\u00e5 tr\u00e4naren n\u00e4r det g\u00e5r d\u00e5ligt m\u00e5ste man v\u00e4l ge honom lite ber\u00f6m n\u00e4r laget b\u00f6rjar prestera igen?<\/p>\n<p><strong>\u00c5terkommande spelare men ocks\u00e5 nya skador<\/strong><\/p>\n<p>De tv\u00e5 offensiva mittf\u00e4ltarna <a href=\"https:\/\/www.svenskafans.com\/fotboll\/spelare\/xavier-amaechi_83812\" class=\"inText\" title=\"Xavier Amaechi\" rel=\"nofollow noopener\" target=\"_blank\">Xavier Amaechi<\/a> och <a href=\"https:\/\/www.svenskafans.com\/fotboll\/spelare\/caleb-watts_83814\" class=\"inText\" title=\"Caleb Watts\" rel=\"nofollow noopener\" target=\"_blank\">Caleb Watts<\/a> tr\u00e4nar f\u00f6r fullt. Amaechi har bara gjort korta inhopp hittills men gjorde 5-1 m\u00e5let mot Doncaster och \u00e4r kanske redo att starta igen. Jag gissar att vi ser Watts f\u00f6r f\u00f6rsta g\u00e5ngen sedan 6:e september p\u00e5 annandagen, \u00e5tminstone fr\u00e5n b\u00e4nken. Mittbacken <a href=\"https:\/\/www.svenskafans.com\/fotboll\/spelare\/julio-pleguezuelo_81779\" class=\"inText\" title=\"Julio Pleguezuelo\" rel=\"nofollow noopener\" target=\"_blank\">Julio Pleguezuelo<\/a> saknades senast men \u00e4r kanske aktuell \u00e4nd\u00e5, vi f\u00e5r se.<\/p>\n<p>Skotska v\u00e4nsterbacken <a href=\"https:\/\/www.svenskafans.com\/fotboll\/spelare\/jack-mackenzie_83813\" class=\"inText\" title=\"Jack Mackenzie\" rel=\"nofollow noopener\" target=\"_blank\">Jack Mackenzie<\/a> \u00e4r fortfarande en bit bort dock, han har inte spelat alls \u00e4n s\u00e5 l\u00e4nge. V\u00e4nsterbacken <a href=\"https:\/\/www.svenskafans.com\/fotboll\/spelare\/brendan-galloway_81793\" class=\"inText\" title=\"Brendan Galloway\" rel=\"nofollow noopener\" target=\"_blank\">Brendan Galloway<\/a> \u00e4r i Marocko och spelar Afrikanska M\u00e4sterskapet med sitt Zimbabwe (som var n\u00e4ra att skr\u00e4lla mot Egypten) &#8211; han \u00e5terkommer tidigast vid ny\u00e5r.<\/p>\n<p>Bland nya skador finns veteranen <a href=\"https:\/\/www.svenskafans.com\/fotboll\/spelare\/jamie-paterson_83810\" class=\"inText\" title=\"Jamie Paterson\" rel=\"nofollow noopener\" target=\"_blank\">Jamie Paterson<\/a>,  unga talangen <a href=\"https:\/\/www.svenskafans.com\/fotboll\/spelare\/tegan-finn_83940\" class=\"inText\" title=\"Tegan Finn\" rel=\"nofollow noopener\" target=\"_blank\">Tegan Finn<\/a> och Oxfordl\u00e5net <a href=\"https:\/\/www.svenskafans.com\/fotboll\/spelare\/owen-dale_83989\" class=\"inText\" title=\"Owen Dale\" rel=\"nofollow noopener\" target=\"_blank\">Owen Dale<\/a>, alla tre kantspelare i f\u00f6rsta hand. Vi verkar ha en talang f\u00f6r att alla i samma lagdel skadar sig samtidigt! Paterson och Finn borde bara vara ett par veckor men Dale \u00e4r borta 6-10 veckor tyv\u00e4rr. Det l\u00e5ter dock som om Argyle t\u00e4nker beh\u00e5lla honom och inte avsluta l\u00e5net i januari.<\/p>\n<p><strong>G\u00e4stande <a href=\"https:\/\/www.svenskafans.com\/fotboll\/lag\/reading\" class=\"inText\" title=\"Reading\" rel=\"nofollow noopener\" target=\"_blank\">Reading<\/a> oj\u00e4mna<\/strong><\/p>\n<p>Reading har ocks\u00e5 25 inspelade po\u00e4ng och ligger d\u00e4rf\u00f6r framf\u00f6r Argyle p\u00e5 m\u00e5lskillnad bara. De har ocks\u00e5 r\u00e4tt s\u00e5 bra form, men \u00e4r framf\u00f6r allt starka hemma och har bara en bortavinst p\u00e5 hela s\u00e4songen. Den kom dock f\u00f6r ett par veckor sedan och var odiskutabel, 3-0 borta mot Blackpool som i \u00f6vrigt har samlat bra resultat ocks\u00e5 p\u00e5 sistone.<\/p>\n<p>Till skillnad fr\u00e5n Argyle valde de att kasta ut tr\u00e4naren Noel Hunt n\u00e4r det gick d\u00e5ligt och har nu anst\u00e4llt Leam Richardson i hans st\u00e4lle. Richardson kom in med ett rykte om sig att vara en tr\u00e4nare med preferens f\u00f6r stora starka spelare och defensiv taktik efter sin tid hos Wigan och Rotherham, men det finns tecken att han vill spela mer konstruktivt \u00e4n s\u00e5 i Reading, en klubb med en mycket anrikare historia som blickar fram\u00e5t igen efter att \u00e4ntligen ha f\u00e5tt bort den galna gamla \u00e4garen Dai Yongge.<\/p>\n<p>Klubbarna har inte m\u00f6tts sedan 2009. D\u00e5 segrade Argyle med 4-1 i <a href=\"https:\/\/www.svenskafans.com\/fotboll\/the-championship\" class=\"inText\" title=\"Championship\" rel=\"nofollow noopener\" target=\"_blank\">Championship<\/a> under en i \u00f6vrigt ganska sv\u00e5r s\u00e4song som slutade med nedflyttning. Man hade inte tackat nej till en repris inf\u00f6r Boxing Day-publiken, det \u00e4r mer \u00e4n dags att b\u00f6rja \u00e5terskapa bortaformen framf\u00f6r de egna fansen!<\/p>\n","protected":false},"excerpt":{"rendered":"Home Park, 2025-12-26 16:00 P\u00e5 Annandag Jul spelar Argyle p\u00e5 hemmaplan &#8211; f\u00f6r f\u00f6rsta g\u00e5ngen sedan 2016! Efter&hellip;\n","protected":false},"author":2,"featured_media":116959,"comment_status":"","ping_status":"","sticky":false,"template":"","format":"standard","meta":{"footnotes":""},"categories":[68],"tags":[159,158,157,138,156,165,164,140,34,160,162,111,110,31,161,33,32,30,163],"class_list":{"0":"post-116958","1":"post","2":"type-post","3":"status-publish","4":"format-standard","5":"has-post-thumbnail","7":"category-sport","8":"tag-allsvenskan","9":"tag-fans","10":"tag-fantv","11":"tag-fotboll","12":"tag-hockey","13":"tag-matcher","14":"tag-matchprogram","15":"tag-premier-league","16":"tag-se","17":"tag-serie-a","18":"tag-spelschema","19":"tag-sport","20":"tag-sports","21":"tag-svenska","22":"tag-svenskafans","23":"tag-sverige","24":"tag-sweden","25":"tag-swedish","26":"tag-tabeller"},"share_on_mastodon":{"url":"https:\/\/pubeurope.com\/@se\/115782577233954312","error":""},"_links":{"self":[{"href":"https:\/\/www.europesays.com\/se\/wp-json\/wp\/v2\/posts\/116958","targetHints":{"allow":["GET"]}}],"collection":[{"href":"https:\/\/www.europesays.com\/se\/wp-json\/wp\/v2\/posts"}],"about":[{"href":"https:\/\/www.europesays.com\/se\/wp-json\/wp\/v2\/types\/post"}],"author":[{"embeddable":true,"href":"https:\/\/www.europesays.com\/se\/wp-json\/wp\/v2\/users\/2"}],"replies":[{"embeddable":true,"href":"https:\/\/www.europesays.com\/se\/wp-json\/wp\/v2\/comments?post=116958"}],"version-history":[{"count":0,"href":"https:\/\/www.europesays.com\/se\/wp-json\/wp\/v2\/posts\/116958\/revisions"}],"wp:featuredmedia":[{"embeddable":true,"href":"https:\/\/www.europesays.com\/se\/wp-json\/wp\/v2\/media\/116959"}],"wp:attachment":[{"href":"https:\/\/www.europesays.com\/se\/wp-json\/wp\/v2\/media?parent=116958"}],"wp:term":[{"taxonomy":"category","embeddable":true,"href":"https:\/\/www.europesays.com\/se\/wp-json\/wp\/v2\/categories?post=116958"},{"taxonomy":"post_tag","embeddable":true,"href":"https:\/\/www.europesays.com\/se\/wp-json\/wp\/v2\/tags?post=116958"}],"curies":[{"name":"wp","href":"https:\/\/api.w.org\/{rel}","templated":true}]}}