{"id":116964,"date":"2025-12-25T22:43:24","date_gmt":"2025-12-25T22:43:24","guid":{"rendered":"https:\/\/www.europesays.com\/se\/116964\/"},"modified":"2025-12-25T22:43:24","modified_gmt":"2025-12-25T22:43:24","slug":"pavens-julkrubbor-maria-som-tennisracket","status":"publish","type":"post","link":"https:\/\/www.europesays.com\/se\/116964\/","title":{"rendered":"P\u00e5vens julkrubbor: Maria som tennisracket"},"content":{"rendered":"<p>Avbildningar av Jesu f\u00f6delse \u00e4r ett bekant inslag f\u00f6r julfirare v\u00e4rlden \u00f6ver, men den traditionella tolkningen f\u00e5r st\u00e5 \u00e5t sidan n\u00e4r 132 konstn\u00e4rer ger scenen ny skrud. Materialen som anv\u00e4nts i \u00e5rets utst\u00e4llning i Vatikanen str\u00e4cker sig fr\u00e5n ull och siden till kokos- och bananfiber.<\/p>\n<p>I en av montrarna omg\u00e4rdar gamla tennisracketar i m\u00f6rkt tr\u00e4 tre deformerade tennisracketar som tydligt anspelar p\u00e5 Josef, Maria och Jesusbarnet. \u00c4ven en annan konstn\u00e4r har arbetat i \u00e5terbrukets tecken \u2013 julkrubban g\u00f6mmer sig i en pl\u00e5tburk f\u00f6r matolja d\u00e4r utsidan m\u00e5lats i ett klassiskt vinterlandskap i skymning.<\/p>\n<p>En tredje konstn\u00e4r har tagit in vardagslivet i julkrubbans v\u00e4rld och anv\u00e4nt fronten p\u00e5 en linjebuss fr\u00e5n Rom f\u00f6r att rama in scenen. <\/p>\n<p>Utst\u00e4llningen sker f\u00f6r \u00e5ttonde \u00e5ret i rad i Vatikanen och sammanfaller i \u00e5r med det katolska jubel\u00e5ret som firas var 25:e \u00e5r.<\/p>\n<p>Konstn\u00e4rerna kommer fr\u00e5n 23 l\u00e4nder v\u00e4rlden \u00f6ver, d\u00e4ribland ett flertal europeiska l\u00e4nder, Japan, Indonesien, Peru och Eritrea.<\/p>\n<p><img alt=\"Julkrubba gjord i en gammal pl\u00e5tburk f\u00f6r matolja.\" loading=\"lazy\" width=\"1920\" height=\"1200\" decoding=\"async\" data-nimg=\"1\" style=\"color:transparent;max-width:100%;width:100%\"   src=\"https:\/\/www.europesays.com\/se\/wp-content\/uploads\/2025\/12\/1v52LBDBktxHHUSirVC0tK1HlDtk-REGULAR.jpg\"\/>Julkrubba gjord i en gammal pl\u00e5tburk f\u00f6r matolja. Bild: Gregorio Borgia\/AP\/TT <img alt=\"Kopian av en linjebuss fr\u00e5n Rom ramar in den klassiska julscenen.\" loading=\"lazy\" width=\"1920\" height=\"1200\" decoding=\"async\" data-nimg=\"1\" style=\"color:transparent;max-width:100%;width:100%\"   src=\"https:\/\/www.europesays.com\/se\/wp-content\/uploads\/2025\/12\/26jeKVM56MEeLkeYHaSdBHquMFxA-REGULAR.jpg\"\/>Kopian av en linjebuss fr\u00e5n Rom ramar in den klassiska julscenen. Bild: Gregorio Borgia\/AP\/TT <img alt=\"Julkrubba av en konstn\u00e4r fr\u00e5n Peru.\" loading=\"lazy\" width=\"1920\" height=\"1200\" decoding=\"async\" data-nimg=\"1\" style=\"color:transparent;max-width:100%;width:100%\"   src=\"https:\/\/www.europesays.com\/se\/wp-content\/uploads\/2025\/12\/3XPSBj_sJCzCntOhdZc20BD41T-w-REGULAR.jpg\"\/>Julkrubba av en konstn\u00e4r fr\u00e5n Peru. Bild: Gregorio Borgia\/AP\/TT <\/p>\n","protected":false},"excerpt":{"rendered":"Avbildningar av Jesu f\u00f6delse \u00e4r ett bekant inslag f\u00f6r julfirare v\u00e4rlden \u00f6ver, men den traditionella tolkningen f\u00e5r st\u00e5&hellip;\n","protected":false},"author":2,"featured_media":116965,"comment_status":"","ping_status":"","sticky":false,"template":"","format":"standard","meta":{"footnotes":""},"categories":[14],"tags":[22,23,26,27,17,21,24,25,28,29,15,16,18,34,31,33,32,30,19,20,51,52,53,54],"class_list":{"0":"post-116964","1":"post","2":"type-post","3":"status-publish","4":"format-standard","5":"has-post-thumbnail","7":"category-varlden","8":"tag-breaking-news","9":"tag-breakingnews","10":"tag-featured-news","11":"tag-featurednews","12":"tag-headlines","13":"tag-huvudnyheter","14":"tag-latest-news","15":"tag-latestnews","16":"tag-main-news","17":"tag-mainnews","18":"tag-news","19":"tag-nyheter","20":"tag-rubriker","21":"tag-se","22":"tag-svenska","23":"tag-sverige","24":"tag-sweden","25":"tag-swedish","26":"tag-top-stories","27":"tag-topstories","28":"tag-varlden","29":"tag-world","30":"tag-world-news","31":"tag-worldnews"},"share_on_mastodon":{"url":"https:\/\/pubeurope.com\/@se\/115782628628096863","error":""},"_links":{"self":[{"href":"https:\/\/www.europesays.com\/se\/wp-json\/wp\/v2\/posts\/116964","targetHints":{"allow":["GET"]}}],"collection":[{"href":"https:\/\/www.europesays.com\/se\/wp-json\/wp\/v2\/posts"}],"about":[{"href":"https:\/\/www.europesays.com\/se\/wp-json\/wp\/v2\/types\/post"}],"author":[{"embeddable":true,"href":"https:\/\/www.europesays.com\/se\/wp-json\/wp\/v2\/users\/2"}],"replies":[{"embeddable":true,"href":"https:\/\/www.europesays.com\/se\/wp-json\/wp\/v2\/comments?post=116964"}],"version-history":[{"count":0,"href":"https:\/\/www.europesays.com\/se\/wp-json\/wp\/v2\/posts\/116964\/revisions"}],"wp:featuredmedia":[{"embeddable":true,"href":"https:\/\/www.europesays.com\/se\/wp-json\/wp\/v2\/media\/116965"}],"wp:attachment":[{"href":"https:\/\/www.europesays.com\/se\/wp-json\/wp\/v2\/media?parent=116964"}],"wp:term":[{"taxonomy":"category","embeddable":true,"href":"https:\/\/www.europesays.com\/se\/wp-json\/wp\/v2\/categories?post=116964"},{"taxonomy":"post_tag","embeddable":true,"href":"https:\/\/www.europesays.com\/se\/wp-json\/wp\/v2\/tags?post=116964"}],"curies":[{"name":"wp","href":"https:\/\/api.w.org\/{rel}","templated":true}]}}