{"id":116975,"date":"2025-12-25T23:01:51","date_gmt":"2025-12-25T23:01:51","guid":{"rendered":"https:\/\/www.europesays.com\/se\/116975\/"},"modified":"2025-12-25T23:01:51","modified_gmt":"2025-12-25T23:01:51","slug":"svarta-ladan-hittad-efter-flygkrasch-i-turkiet","status":"publish","type":"post","link":"https:\/\/www.europesays.com\/se\/116975\/","title":{"rendered":"Svarta l\u00e5dan hittad efter flygkrasch i Turkiet"},"content":{"rendered":"<p class=\"sc-c25743f0-0 sc-e37c0145-2 hObFds DQgPn\"><strong>Svarta l\u00e5dan fr\u00e5n flygplanet som kraschade i Turkiet under tisdagen har hittats, uppger landets inrikesminister Ali Yerlikaya, rapporterar Reuters.<\/strong><\/p>\n<p class=\"sc-c25743f0-0 sc-e37c0145-2 hObFds DQgPn\">Den libyske generalen och arm\u00e9chefen Muhammad Ali Ahmad al-Haddad befann sig ombord planet tillsammans med tre andra h\u00f6gt uppsatta libyska milit\u00e4rer och tre bes\u00e4ttningsm\u00e4n.<\/p>\n<p class=\"sc-c25743f0-0 sc-e37c0145-2 hObFds DQgPn\">Samtliga ombord omkom i olyckan. Planets vrakdelar hittades hittats i Haymana-omr\u00e5det, utanf\u00f6r Ankara. <\/p>\n<p class=\"sc-c25743f0-0 sc-e37c0145-2 hObFds DQgPn\">Strax innan planet f\u00f6rsvann fr\u00e5n radarn ska det ha larmat om n\u00e5gon form av elektrisk fel och beg\u00e4rt tillst\u00e5nd f\u00f6r n\u00f6dlandning. <\/p>\n<p class=\"sc-c25743f0-0 sc-e37c0145-2 hObFds DQgPn\">Kontakten med flygplanet f\u00f6rlorades vid 20.50-tiden, lokal tid, p\u00e5 tisdagskv\u00e4llen. <\/p>\n<p class=\"sc-c25743f0-0 sc-e37c0145-2 hObFds DQgPn\">Planet var p\u00e5 v\u00e4g till Libyens huvudstad Tripoli.<\/p>\n<p class=\"sc-c25743f0-0 sc-e37c0145-2 hObFds DQgPn\">\u201dDenna stora tragedi \u00e4r en stor f\u00f6rlust f\u00f6r nationen, milit\u00e4ren och hela folket, eftersom vi har f\u00f6rlorat m\u00e4n som tj\u00e4nade sitt land med uppriktighet och h\u00e4ngivenhet, och visade exempel p\u00e5 disciplin, ansvar och nationellt engagemang\u201d, skrev Libyens premi\u00e4rminister Abdulhamid Dbeibeh i ett inl\u00e4gg p\u00e5 X. <\/p>\n<p class=\"sc-c25743f0-0 sc-e37c0145-2 hObFds DQgPn\">Enligt <a href=\"https:\/\/www.turkiyetoday.com\/nation\/plane-crashes-in-ankara-with-libyan-military-chief-reportedly-on-board-3211812?s=1\" class=\"pcc\" target=\"_blank\" rel=\"noopener noreferrer nofollow\">Turkiye Today<\/a> bes\u00f6kte Libyens milit\u00e4rchef Al-Haddad Turkiets f\u00f6rsvarsminister Yasar Guler under ett officiellt bes\u00f6k i Ankara tidigare under tisdagen. Resan till Turkiet gjordes p\u00e5 inbjudan av Turkiets f\u00f6rsvarsstabschef, general Selcuk Bayraktaroglu. <\/p>\n<p class=\"sc-c25743f0-0 sc-e37c0145-2 hObFds DQgPn\">Turkiets \u00e5klagarmyndighet har inlett en utredning av flygkraschen. <\/p>\n","protected":false},"excerpt":{"rendered":"Svarta l\u00e5dan fr\u00e5n flygplanet som kraschade i Turkiet under tisdagen har hittats, uppger landets inrikesminister Ali Yerlikaya, rapporterar&hellip;\n","protected":false},"author":2,"featured_media":77179,"comment_status":"","ping_status":"","sticky":false,"template":"","format":"standard","meta":{"footnotes":""},"categories":[14],"tags":[22,23,26,27,17,21,24,25,28,29,15,16,18,34,31,33,32,30,19,20,51,52,53,54],"class_list":{"0":"post-116975","1":"post","2":"type-post","3":"status-publish","4":"format-standard","5":"has-post-thumbnail","7":"category-varlden","8":"tag-breaking-news","9":"tag-breakingnews","10":"tag-featured-news","11":"tag-featurednews","12":"tag-headlines","13":"tag-huvudnyheter","14":"tag-latest-news","15":"tag-latestnews","16":"tag-main-news","17":"tag-mainnews","18":"tag-news","19":"tag-nyheter","20":"tag-rubriker","21":"tag-se","22":"tag-svenska","23":"tag-sverige","24":"tag-sweden","25":"tag-swedish","26":"tag-top-stories","27":"tag-topstories","28":"tag-varlden","29":"tag-world","30":"tag-world-news","31":"tag-worldnews"},"share_on_mastodon":{"url":"https:\/\/pubeurope.com\/@se\/115782703036731062","error":""},"_links":{"self":[{"href":"https:\/\/www.europesays.com\/se\/wp-json\/wp\/v2\/posts\/116975","targetHints":{"allow":["GET"]}}],"collection":[{"href":"https:\/\/www.europesays.com\/se\/wp-json\/wp\/v2\/posts"}],"about":[{"href":"https:\/\/www.europesays.com\/se\/wp-json\/wp\/v2\/types\/post"}],"author":[{"embeddable":true,"href":"https:\/\/www.europesays.com\/se\/wp-json\/wp\/v2\/users\/2"}],"replies":[{"embeddable":true,"href":"https:\/\/www.europesays.com\/se\/wp-json\/wp\/v2\/comments?post=116975"}],"version-history":[{"count":0,"href":"https:\/\/www.europesays.com\/se\/wp-json\/wp\/v2\/posts\/116975\/revisions"}],"wp:featuredmedia":[{"embeddable":true,"href":"https:\/\/www.europesays.com\/se\/wp-json\/wp\/v2\/media\/77179"}],"wp:attachment":[{"href":"https:\/\/www.europesays.com\/se\/wp-json\/wp\/v2\/media?parent=116975"}],"wp:term":[{"taxonomy":"category","embeddable":true,"href":"https:\/\/www.europesays.com\/se\/wp-json\/wp\/v2\/categories?post=116975"},{"taxonomy":"post_tag","embeddable":true,"href":"https:\/\/www.europesays.com\/se\/wp-json\/wp\/v2\/tags?post=116975"}],"curies":[{"name":"wp","href":"https:\/\/api.w.org\/{rel}","templated":true}]}}