{"id":116977,"date":"2025-12-25T23:12:53","date_gmt":"2025-12-25T23:12:53","guid":{"rendered":"https:\/\/www.europesays.com\/se\/116977\/"},"modified":"2025-12-25T23:12:53","modified_gmt":"2025-12-25T23:12:53","slug":"tva-poliser-doda-i-nytt-bombdad-i-moskva","status":"publish","type":"post","link":"https:\/\/www.europesays.com\/se\/116977\/","title":{"rendered":"Tv\u00e5 poliser d\u00f6da i nytt bombd\u00e5d i Moskva"},"content":{"rendered":"<p>Tv\u00e5 poliser och ytterligare en person har d\u00f6dats i en explosion i Moskva, rapporterar Reuters. Poliserna ska ha n\u00e4rmat sig en man som upptr\u00e4dde misst\u00e4nkt och n\u00e4r de f\u00f6rs\u00f6kte gripa honom ska en bomb ha exploderat, enligt Rysslands utredningskommitt\u00e9. <\/p>\n<p>Myndigheten preciserar inte vem det tredje d\u00f6dsoffret var \u2013 obekr\u00e4ftade uppgifter p\u00e5 ryska Telegramkanaler h\u00e4vdar att det var den personen som utl\u00f6ste bomben. <\/p>\n<p>Explosionen skedde n\u00e4ra platsen d\u00e4r en rysk general d\u00f6dades i ett attentat tidigare i veckan.<\/p>\n<p>Omni \u00e4r politiskt obundna och oberoende. Vi str\u00e4var efter att ge fler perspektiv p\u00e5 nyheterna. Har du fr\u00e5gor eller synpunkter kring v\u00e5r rapportering? <a href=\"https:\/\/omni.se\/tva-poliser-doda-i-nytt-bombdad-i-moskva\/a\/mailto:redaktion@omni.se\" class=\"ArticleActions_contactLink__W2F1M\" rel=\"nofollow noopener\" target=\"_blank\">Kontakta redaktionen<\/a><\/p>\n","protected":false},"excerpt":{"rendered":"Tv\u00e5 poliser och ytterligare en person har d\u00f6dats i en explosion i Moskva, rapporterar Reuters. Poliserna ska ha&hellip;\n","protected":false},"author":2,"featured_media":116978,"comment_status":"","ping_status":"","sticky":false,"template":"","format":"standard","meta":{"footnotes":""},"categories":[14],"tags":[22,23,267,26,27,17,21,24,25,28,29,3468,15,16,18,264,34,31,33,32,30,19,20,51,52,53,54],"class_list":{"0":"post-116977","1":"post","2":"type-post","3":"status-publish","4":"format-standard","5":"has-post-thumbnail","7":"category-varlden","8":"tag-breaking-news","9":"tag-breakingnews","10":"tag-europa","11":"tag-featured-news","12":"tag-featurednews","13":"tag-headlines","14":"tag-huvudnyheter","15":"tag-latest-news","16":"tag-latestnews","17":"tag-main-news","18":"tag-mainnews","19":"tag-moskva","20":"tag-news","21":"tag-nyheter","22":"tag-rubriker","23":"tag-ryssland","24":"tag-se","25":"tag-svenska","26":"tag-sverige","27":"tag-sweden","28":"tag-swedish","29":"tag-top-stories","30":"tag-topstories","31":"tag-varlden","32":"tag-world","33":"tag-world-news","34":"tag-worldnews"},"share_on_mastodon":{"url":"https:\/\/pubeurope.com\/@se\/115782746309496907","error":""},"_links":{"self":[{"href":"https:\/\/www.europesays.com\/se\/wp-json\/wp\/v2\/posts\/116977","targetHints":{"allow":["GET"]}}],"collection":[{"href":"https:\/\/www.europesays.com\/se\/wp-json\/wp\/v2\/posts"}],"about":[{"href":"https:\/\/www.europesays.com\/se\/wp-json\/wp\/v2\/types\/post"}],"author":[{"embeddable":true,"href":"https:\/\/www.europesays.com\/se\/wp-json\/wp\/v2\/users\/2"}],"replies":[{"embeddable":true,"href":"https:\/\/www.europesays.com\/se\/wp-json\/wp\/v2\/comments?post=116977"}],"version-history":[{"count":0,"href":"https:\/\/www.europesays.com\/se\/wp-json\/wp\/v2\/posts\/116977\/revisions"}],"wp:featuredmedia":[{"embeddable":true,"href":"https:\/\/www.europesays.com\/se\/wp-json\/wp\/v2\/media\/116978"}],"wp:attachment":[{"href":"https:\/\/www.europesays.com\/se\/wp-json\/wp\/v2\/media?parent=116977"}],"wp:term":[{"taxonomy":"category","embeddable":true,"href":"https:\/\/www.europesays.com\/se\/wp-json\/wp\/v2\/categories?post=116977"},{"taxonomy":"post_tag","embeddable":true,"href":"https:\/\/www.europesays.com\/se\/wp-json\/wp\/v2\/tags?post=116977"}],"curies":[{"name":"wp","href":"https:\/\/api.w.org\/{rel}","templated":true}]}}