{"id":117006,"date":"2025-12-26T00:24:45","date_gmt":"2025-12-26T00:24:45","guid":{"rendered":"https:\/\/www.europesays.com\/se\/117006\/"},"modified":"2025-12-26T00:24:45","modified_gmt":"2025-12-26T00:24:45","slug":"basta-tv-serierna-och-filmerna-att-stromma-just-nu","status":"publish","type":"post","link":"https:\/\/www.europesays.com\/se\/117006\/","title":{"rendered":"B\u00e4sta tv-serierna och filmerna att str\u00f6mma just nu"},"content":{"rendered":"<p>Amanda Jansson i \u00e5rets b\u00e4sta svenska tv-serie, Ethan Hawke i toppform, krimdrama med Sofia Helin, Kate Winslet och Helen Mirren i k\u00e4nsloladdat juldrama och Ricky Gervais skrattar d\u00f6den rakt i ansiktet. Dessutom Jeremy Allen Whites som Bruce Springsteen och Stellan Skarsg\u00e5rd som kulturman i \u00e5rets norska Oscarsbidrag. Detta \u00e4r n\u00e5gra av nyheterna i julhelgens str\u00f6mningssk\u00f6rd.<\/p>\n","protected":false},"excerpt":{"rendered":"Amanda Jansson i \u00e5rets b\u00e4sta svenska tv-serie, Ethan Hawke i toppform, krimdrama med Sofia Helin, Kate Winslet och&hellip;\n","protected":false},"author":2,"featured_media":117007,"comment_status":"","ping_status":"","sticky":false,"template":"","format":"standard","meta":{"footnotes":""},"categories":[67],"tags":[104,34,31,33,32,30,105],"class_list":{"0":"post-117006","1":"post","2":"type-post","3":"status-publish","4":"format-standard","5":"has-post-thumbnail","7":"category-underhallning","8":"tag-entertainment","9":"tag-se","10":"tag-svenska","11":"tag-sverige","12":"tag-sweden","13":"tag-swedish","14":"tag-underhallning"},"share_on_mastodon":{"url":"https:\/\/pubeurope.com\/@se\/115783025541084331","error":""},"_links":{"self":[{"href":"https:\/\/www.europesays.com\/se\/wp-json\/wp\/v2\/posts\/117006","targetHints":{"allow":["GET"]}}],"collection":[{"href":"https:\/\/www.europesays.com\/se\/wp-json\/wp\/v2\/posts"}],"about":[{"href":"https:\/\/www.europesays.com\/se\/wp-json\/wp\/v2\/types\/post"}],"author":[{"embeddable":true,"href":"https:\/\/www.europesays.com\/se\/wp-json\/wp\/v2\/users\/2"}],"replies":[{"embeddable":true,"href":"https:\/\/www.europesays.com\/se\/wp-json\/wp\/v2\/comments?post=117006"}],"version-history":[{"count":0,"href":"https:\/\/www.europesays.com\/se\/wp-json\/wp\/v2\/posts\/117006\/revisions"}],"wp:featuredmedia":[{"embeddable":true,"href":"https:\/\/www.europesays.com\/se\/wp-json\/wp\/v2\/media\/117007"}],"wp:attachment":[{"href":"https:\/\/www.europesays.com\/se\/wp-json\/wp\/v2\/media?parent=117006"}],"wp:term":[{"taxonomy":"category","embeddable":true,"href":"https:\/\/www.europesays.com\/se\/wp-json\/wp\/v2\/categories?post=117006"},{"taxonomy":"post_tag","embeddable":true,"href":"https:\/\/www.europesays.com\/se\/wp-json\/wp\/v2\/tags?post=117006"}],"curies":[{"name":"wp","href":"https:\/\/api.w.org\/{rel}","templated":true}]}}