{"id":117017,"date":"2025-12-26T01:04:09","date_gmt":"2025-12-26T01:04:09","guid":{"rendered":"https:\/\/www.europesays.com\/se\/117017\/"},"modified":"2025-12-26T01:04:09","modified_gmt":"2025-12-26T01:04:09","slug":"njut-av-vad-omkan-bli-er-sista-goda-jul","status":"publish","type":"post","link":"https:\/\/www.europesays.com\/se\/117017\/","title":{"rendered":"Njut av vad om\nkan bli er sista goda jul"},"content":{"rendered":"<p>Publicerad 26 dec 2025 kl 01.19Uppdaterad kl 01.48<\/p>\n<p>N\u00e4r Donald Trump \u00f6nskar god jul s\u00e5 g\u00f6r han det inte som andra.<\/p>\n<p>\u201dNjut av vad som kanske blir er sista god jul\u201d, skriver Trump.<\/p>\n<p>Senaste klippen om Trump-administrationen.<img   alt=\"\"\/><\/p>\n<p>Donald Trump.<\/p>\n<p>Foto: ALEX BRANDON \/ AP TT NYHETSBYR\u00c5N<\/p>\n<p>\u00d6ppna bild i helsk\u00e4rm<\/p>\n<p>Juldagsnatten kom president <a href=\"https:\/\/www.expressen.se\/tagg\/person\/donald-trump\/\" class=\"\" rel=\"nofollow noopener\" target=\"_blank\">Donald Trump<\/a> med flera julh\u00e4lsningar som stack ut.<\/p>\n<p>\u201dGod jul till alla, inklusive de m\u00e5nga sluskar som \u00e4lskade Jeffrey Epstein\u201d, skriver Trump p\u00e5 sociala medier.<\/p>\n<p>Presidenten s\u00e5gade alla som gav den sexbrottsd\u00f6mde miljard\u00e4ren \u201dstora summor pengar, \u00e5kte till hans \u00f6, gick p\u00e5 hans fester och tyckte att han var v\u00e4rldens b\u00e4sta kille\u201d bara f\u00f6r att \u201ddumpa honom\u201d n\u00e4r det blev \u201df\u00f6r hett\u201d.<\/p>\n<p>\u201dPresident Donald J Trump var faktiskt den ende som verkligen tog avst\u00e5nd fr\u00e5n Epstein, och det l\u00e5ngt innan det blev popul\u00e4rt att g\u00f6ra s\u00e5\u201d, skriver Trump.<\/p>\n<p>\u00d6nskade d\u00f6da terrorister god jul<\/p>\n<p>Han gick ocks\u00e5 till attack mot alla \u201dlosers\u201d som han beskrev demokrater och New York Times som. Trump uppmanade dem att \u201dnjuta av vad som kanske blir er sista god jul\u201d.<\/p>\n<p>Trump kom ocks\u00e5 med en \u201djulh\u00e4lsning\u201d kort f\u00f6re detta i samband med att han tillk\u00e4nnagav att USA har utf\u00f6rt ett flertal attacker mot det man h\u00e4vdar \u00e4r IS-terrorister i Nigeria.<\/p>\n<p>\u201dGod jul till alla, inklusive de d\u00f6da terroristerna \u2013 och det kommer att bli m\u00e5nga fler om deras slakt p\u00e5 kristna forts\u00e4tter\u201d, skriver Trump.<\/p>\n","protected":false},"excerpt":{"rendered":"Publicerad 26 dec 2025 kl 01.19Uppdaterad kl 01.48 N\u00e4r Donald Trump \u00f6nskar god jul s\u00e5 g\u00f6r han det&hellip;\n","protected":false},"author":2,"featured_media":117018,"comment_status":"","ping_status":"","sticky":false,"template":"","format":"standard","meta":{"footnotes":""},"categories":[5],"tags":[22,23,26,27,17,21,24,25,28,29,15,16,198,18,34,55,31,33,32,30,19,204,20],"class_list":{"0":"post-117017","1":"post","2":"type-post","3":"status-publish","4":"format-standard","5":"has-post-thumbnail","7":"category-rubriker","8":"tag-breaking-news","9":"tag-breakingnews","10":"tag-featured-news","11":"tag-featurednews","12":"tag-headlines","13":"tag-huvudnyheter","14":"tag-latest-news","15":"tag-latestnews","16":"tag-main-news","17":"tag-mainnews","18":"tag-news","19":"tag-nyheter","20":"tag-person-donald-trump","21":"tag-rubriker","22":"tag-se","23":"tag-sections-varlden","24":"tag-svenska","25":"tag-sverige","26":"tag-sweden","27":"tag-swedish","28":"tag-top-stories","29":"tag-topic-amerikansk-politik","30":"tag-topstories"},"share_on_mastodon":{"url":"https:\/\/pubeurope.com\/@se\/115783182804285677","error":""},"_links":{"self":[{"href":"https:\/\/www.europesays.com\/se\/wp-json\/wp\/v2\/posts\/117017","targetHints":{"allow":["GET"]}}],"collection":[{"href":"https:\/\/www.europesays.com\/se\/wp-json\/wp\/v2\/posts"}],"about":[{"href":"https:\/\/www.europesays.com\/se\/wp-json\/wp\/v2\/types\/post"}],"author":[{"embeddable":true,"href":"https:\/\/www.europesays.com\/se\/wp-json\/wp\/v2\/users\/2"}],"replies":[{"embeddable":true,"href":"https:\/\/www.europesays.com\/se\/wp-json\/wp\/v2\/comments?post=117017"}],"version-history":[{"count":0,"href":"https:\/\/www.europesays.com\/se\/wp-json\/wp\/v2\/posts\/117017\/revisions"}],"wp:featuredmedia":[{"embeddable":true,"href":"https:\/\/www.europesays.com\/se\/wp-json\/wp\/v2\/media\/117018"}],"wp:attachment":[{"href":"https:\/\/www.europesays.com\/se\/wp-json\/wp\/v2\/media?parent=117017"}],"wp:term":[{"taxonomy":"category","embeddable":true,"href":"https:\/\/www.europesays.com\/se\/wp-json\/wp\/v2\/categories?post=117017"},{"taxonomy":"post_tag","embeddable":true,"href":"https:\/\/www.europesays.com\/se\/wp-json\/wp\/v2\/tags?post=117017"}],"curies":[{"name":"wp","href":"https:\/\/api.w.org\/{rel}","templated":true}]}}