{"id":117021,"date":"2025-12-26T01:16:13","date_gmt":"2025-12-26T01:16:13","guid":{"rendered":"https:\/\/www.europesays.com\/se\/117021\/"},"modified":"2025-12-26T01:16:13","modified_gmt":"2025-12-26T01:16:13","slug":"avslojar-nara-aterkomst-i-fbk","status":"publish","type":"post","link":"https:\/\/www.europesays.com\/se\/117021\/","title":{"rendered":"AVSL\u00d6JAR: N\u00e4ra \u00e5terkomst i FBK"},"content":{"rendered":"<p>ANNONS<\/p>\n<p class=\"text-white text-sm mb-2\">Bevakningen presenteras av<\/p>\n<p><img alt=\"Coolbet\" loading=\"lazy\" width=\"130\" height=\"20\" decoding=\"async\" data-nimg=\"1\" class=\"mx-auto md:mx-0\" style=\"color:transparent\" src=\"https:\/\/delivery2.objectic.io\/7QMcOQTPxZudozTrjFxeQs\/HNbtnbmfMkQx\/Cvk8QRm7arRMNqPgkbZUAxQ8kUA6DdScWlg5lefg.svg\"\/><\/p>\n<p>Spela ansvarsfullt. 18+. Villkor g\u00e4ller.<\/p>\n<p>F\u00e4rjestad ser ut att f\u00e5 dr\u00f6mf\u00f6rst\u00e4rkning inf\u00f6r slutskedet p\u00e5 s\u00e4songen.<\/p>\n<p>Enligt flera av varandra oberoende k\u00e4llor till Hockeynews \u00e4r den tjeckiske stj\u00e4rncentern David Tomasek n\u00e4ra att skriva p\u00e5 f\u00f6r en \u00e5terkomst i F\u00e4rjestad.<\/p>\n<p class=\"\">Den tjeckiska forwardsstj\u00e4rnan, som haft en utmanande h\u00f6st i NHL med Edmonton Oilers, kan enligt Hockeynews uppgifter presenteras av F\u00e4rjestad, redan under de stundande mellandagarna. <\/p>\n<p class=\"\">Tomasek l\u00e4mnade FBK i v\u00e5ras efter att ha vunnit po\u00e4ngligan i SHL:s grundserie med 57 po\u00e4ng, 24 m\u00e5l och 33 assist, p\u00e5 47 matcher n\u00e4r laget blev fyra i SHL.<\/p>\n<p>Tomasek har varit helt utanf\u00f6r Oilers matchtrupp i en handfull matcher den senaste veckan.<\/p>\n<p class=\"\">Totalt har han spelat 22 matcher med Edmonton den h\u00e4r s\u00e4songen gjort tre m\u00e5l och totalt st\u00e5tt f\u00f6r fem po\u00e4ng. <\/p>\n<p class=\"\">I en intervju nyligen hintade han om en \u00e5terkomst i Europa: <\/p>\n<p class=\"\">\u2013 Jag kan f\u00f6rmodligen alltid f\u00e5 ett jobb i Europa. Jag kommer alltid att ha en liga att komma (tillbaka) till, lag att komma till, <a class=\"null text-blue-link\" href=\"https:\/\/www.sportsnet.ca\/nhl\/article\/trying-not-to-get-discouraged-oilers-tomasek-navigating-limited-opportunity\/\" rel=\"nofollow noopener\" target=\"_blank\">sa Tomasek till nyhetskanalen Sportsnet.<\/a><br \/>\u2013 Jag ville inte \u00e5ngra att jag inte gav NHL en chans, fortsatte han. <\/p>\n<p class=\"\">\u2013 F\u00f6r jag vet att \u00e4ven om n\u00e5gon hade ber\u00e4ttat f\u00f6r mig hur det \u00e4r, skulle jag \u00e4nd\u00e5 v\u00e4lja det framf\u00f6r k\u00e4nslan av att aldrig ha f\u00f6rs\u00f6kt, sa Tomasek i intervjun. <\/p>\n","protected":false},"excerpt":{"rendered":"ANNONS Bevakningen presenteras av Spela ansvarsfullt. 18+. Villkor g\u00e4ller. F\u00e4rjestad ser ut att f\u00e5 dr\u00f6mf\u00f6rst\u00e4rkning inf\u00f6r slutskedet p\u00e5&hellip;\n","protected":false},"author":2,"featured_media":117022,"comment_status":"","ping_status":"","sticky":false,"template":"","format":"standard","meta":{"footnotes":""},"categories":[68],"tags":[34,111,110,31,33,32,30],"class_list":{"0":"post-117021","1":"post","2":"type-post","3":"status-publish","4":"format-standard","5":"has-post-thumbnail","7":"category-sport","8":"tag-se","9":"tag-sport","10":"tag-sports","11":"tag-svenska","12":"tag-sverige","13":"tag-sweden","14":"tag-swedish"},"share_on_mastodon":{"url":"https:\/\/pubeurope.com\/@se\/115783230183041828","error":""},"_links":{"self":[{"href":"https:\/\/www.europesays.com\/se\/wp-json\/wp\/v2\/posts\/117021","targetHints":{"allow":["GET"]}}],"collection":[{"href":"https:\/\/www.europesays.com\/se\/wp-json\/wp\/v2\/posts"}],"about":[{"href":"https:\/\/www.europesays.com\/se\/wp-json\/wp\/v2\/types\/post"}],"author":[{"embeddable":true,"href":"https:\/\/www.europesays.com\/se\/wp-json\/wp\/v2\/users\/2"}],"replies":[{"embeddable":true,"href":"https:\/\/www.europesays.com\/se\/wp-json\/wp\/v2\/comments?post=117021"}],"version-history":[{"count":0,"href":"https:\/\/www.europesays.com\/se\/wp-json\/wp\/v2\/posts\/117021\/revisions"}],"wp:featuredmedia":[{"embeddable":true,"href":"https:\/\/www.europesays.com\/se\/wp-json\/wp\/v2\/media\/117022"}],"wp:attachment":[{"href":"https:\/\/www.europesays.com\/se\/wp-json\/wp\/v2\/media?parent=117021"}],"wp:term":[{"taxonomy":"category","embeddable":true,"href":"https:\/\/www.europesays.com\/se\/wp-json\/wp\/v2\/categories?post=117021"},{"taxonomy":"post_tag","embeddable":true,"href":"https:\/\/www.europesays.com\/se\/wp-json\/wp\/v2\/tags?post=117021"}],"curies":[{"name":"wp","href":"https:\/\/api.w.org\/{rel}","templated":true}]}}