{"id":117023,"date":"2025-12-26T01:22:32","date_gmt":"2025-12-26T01:22:32","guid":{"rendered":"https:\/\/www.europesays.com\/se\/117023\/"},"modified":"2025-12-26T01:22:32","modified_gmt":"2025-12-26T01:22:32","slug":"uppgifter-david-tomasek-pa-vag-att-atervanda-till-farjestad-vf","status":"publish","type":"post","link":"https:\/\/www.europesays.com\/se\/117023\/","title":{"rendered":"UPPGIFTER: David Tom\u00e1sek p\u00e5 v\u00e4g att \u00e5terv\u00e4nda till F\u00e4rjestad &#8211; VF"},"content":{"rendered":"<ol>\n<li><a href=\"https:\/\/news.google.com\/rss\/articles\/CBMijgFBVV95cUxQZV9KUDRDUW1teS1WNGhwZmcxM2FZaFZrN3ZCNnUxVk93a3VzdE9MUjVGNlNXc2xUMEUtUUs0NGJ4Q0dDa29GLTN5SEU3ZGFSWVFMbDZrZnZrYURhajN5dlVBTnhvazAzdlp2a1JzOWpCODcwZGs2QnFsRGExY0liZFVMQlhJWVJnbXJObTFn?oc=5\" target=\"_blank\" rel=\"nofollow noopener\">UPPGIFTER: David Tom\u00e1sek p\u00e5 v\u00e4g att \u00e5terv\u00e4nda till F\u00e4rjestad<\/a>&nbsp;&nbsp;VF<\/li>\n<li><a href=\"https:\/\/news.google.com\/rss\/articles\/CBMiekFVX3lxTE55bG5tNkxvcHZHZFU1NTFlRV9XZVZmTXNFcTczRVE5UVNnb2o3b2dFRnFwaHM1Mlh3bEE1WURMRk4xQThPS1E2bUg1QmozVjZZaW1GYTFJMjFxVnlLeVpTbmgwOEJ3V2JGM2w2ZXNFRTZ5VWhxeGVRWk1n?oc=5\" target=\"_blank\" rel=\"nofollow noopener\">AVSL\u00d6JAR: Tomasek n\u00e4ra en \u00e5terkomst i FBK<\/a>&nbsp;&nbsp;HockeyNews<\/li>\n<li><a href=\"https:\/\/news.google.com\/rss\/articles\/CBMikAFBVV95cUxQZkxab2JYRlNDVmFINGRibThxQ1hnTjRjZDk0bGhmMHV0c3NYTTlVeWcwZ1ExdlYxem1BX0cwenpaU3gzb1pfSXptYXhLSHFvMWp6Y1FOSEx6WVJULWpuRUNLZDZ4bGRwbnFocG1BRFJkZ2tuajRKRDQ4VFMxb3ZKVjl6X3d1WXZ0dkdaVTVNVk0?oc=5\" target=\"_blank\" rel=\"nofollow noopener\">Ishockey: Uppgifter: David Tomasek n\u00e4ra \u00e5terkomst i F\u00e4rjestad<\/a>&nbsp;&nbsp;SVT Nyheter<\/li>\n<li><a href=\"https:\/\/news.google.com\/rss\/articles\/CBMikgFBVV95cUxPa04tUUdZZkNFb0FGRnN3Y2NXX1BxTm1mbkt0VjVhaS03Q0xtalFVLWxWbk1HM3F1TmxtVERxWElJN2VQd2NnRkRNUjdXVGFWYjBkaGZQZURXU2t4U1EzbHhqZElfVUtTTlhzeDZFNE5ya1Z1Rk1waFhkZlMwOE85NXJZUDI4RlZ2R3dPcEJDZkE5UQ?oc=5\" target=\"_blank\" rel=\"nofollow noopener\">Uppgifter: Stj\u00e4rnan \u00e5terv\u00e4nder till SHL<\/a>&nbsp;&nbsp;Expressen<\/li>\n<li><a href=\"https:\/\/news.google.com\/rss\/articles\/CBMinAFBVV95cUxOU3FWckpVYmNLMnlzUnpSenJnQWtkNTRPdzBiNEZEa1BYUUs5QzQ0elJKdmZESmlOY20xX0h4YVdvTWV3RnNsb1NyNHptZEE4NkhUSE94SXR2MHFJeklXbFdoaGFJc1NNekFVODhPaFlDSE9HSzVSWFRRWVQxZThRUVdOZ21lNjZ6b0ZoQUVtbWJqX0poMVkwcFRWZlI?oc=5\" target=\"_blank\" rel=\"nofollow noopener\">UPPGIFTER: Tom\u00e1sek n\u00e4ra \u00e5terkomst \u2013 uppges vara p\u00e5 v\u00e4g tillbaka till FBK<\/a>&nbsp;&nbsp;NWT<\/li>\n<\/ol>\n","protected":false},"excerpt":{"rendered":"UPPGIFTER: David Tom\u00e1sek p\u00e5 v\u00e4g att \u00e5terv\u00e4nda till F\u00e4rjestad&nbsp;&nbsp;VF AVSL\u00d6JAR: Tomasek n\u00e4ra en \u00e5terkomst i FBK&nbsp;&nbsp;HockeyNews Ishockey: Uppgifter:&hellip;\n","protected":false},"author":2,"featured_media":117024,"comment_status":"","ping_status":"","sticky":false,"template":"","format":"standard","meta":{"footnotes":""},"categories":[5],"tags":[22,23,26,27,17,21,24,25,28,29,15,16,18,34,31,33,32,30,19,20],"class_list":{"0":"post-117023","1":"post","2":"type-post","3":"status-publish","4":"format-standard","5":"has-post-thumbnail","7":"category-rubriker","8":"tag-breaking-news","9":"tag-breakingnews","10":"tag-featured-news","11":"tag-featurednews","12":"tag-headlines","13":"tag-huvudnyheter","14":"tag-latest-news","15":"tag-latestnews","16":"tag-main-news","17":"tag-mainnews","18":"tag-news","19":"tag-nyheter","20":"tag-rubriker","21":"tag-se","22":"tag-svenska","23":"tag-sverige","24":"tag-sweden","25":"tag-swedish","26":"tag-top-stories","27":"tag-topstories"},"share_on_mastodon":{"url":"https:\/\/pubeurope.com\/@se\/115783253515201345","error":""},"_links":{"self":[{"href":"https:\/\/www.europesays.com\/se\/wp-json\/wp\/v2\/posts\/117023","targetHints":{"allow":["GET"]}}],"collection":[{"href":"https:\/\/www.europesays.com\/se\/wp-json\/wp\/v2\/posts"}],"about":[{"href":"https:\/\/www.europesays.com\/se\/wp-json\/wp\/v2\/types\/post"}],"author":[{"embeddable":true,"href":"https:\/\/www.europesays.com\/se\/wp-json\/wp\/v2\/users\/2"}],"replies":[{"embeddable":true,"href":"https:\/\/www.europesays.com\/se\/wp-json\/wp\/v2\/comments?post=117023"}],"version-history":[{"count":0,"href":"https:\/\/www.europesays.com\/se\/wp-json\/wp\/v2\/posts\/117023\/revisions"}],"wp:featuredmedia":[{"embeddable":true,"href":"https:\/\/www.europesays.com\/se\/wp-json\/wp\/v2\/media\/117024"}],"wp:attachment":[{"href":"https:\/\/www.europesays.com\/se\/wp-json\/wp\/v2\/media?parent=117023"}],"wp:term":[{"taxonomy":"category","embeddable":true,"href":"https:\/\/www.europesays.com\/se\/wp-json\/wp\/v2\/categories?post=117023"},{"taxonomy":"post_tag","embeddable":true,"href":"https:\/\/www.europesays.com\/se\/wp-json\/wp\/v2\/tags?post=117023"}],"curies":[{"name":"wp","href":"https:\/\/api.w.org\/{rel}","templated":true}]}}