{"id":117025,"date":"2025-12-26T01:30:49","date_gmt":"2025-12-26T01:30:49","guid":{"rendered":"https:\/\/www.europesays.com\/se\/117025\/"},"modified":"2025-12-26T01:30:49","modified_gmt":"2025-12-26T01:30:49","slug":"tva-fiskare-hittade-i-vattnet","status":"publish","type":"post","link":"https:\/\/www.europesays.com\/se\/117025\/","title":{"rendered":"Tv\u00e5 fiskare hittade i vattnet"},"content":{"rendered":"<p><a data-test-tag=\"internal-link\" href=\"https:\/\/www.aftonbladet.se\/av\/isaac-turner\" class=\"hyperion-css-13ns1rr\" rel=\"nofollow noopener\" target=\"\" aria-label=\"Se alla artiklar av Isaac Turner\"><img decoding=\"async\" class=\"image-asset hyperion-css-n6kkq1\" data-test-tag=\"image-asset\" src=\"https:\/\/www.europesays.com\/se\/wp-content\/uploads\/2025\/12\/1766712649_935_032779bf-e638-4b03-b786-3d793914dfb9\"  alt=\"\"  loading=\"lazy\" fetchpriority=\"auto\" style=\"aspect-ratio:1900 \/ 1900\"\/><\/a><\/p>\n<p class=\"boxtextgrotesk-root_baa6 hyperion-css-7pajle\">Uppdaterad 01.00 | Publicerad 2025-12-25 23.09<\/p>\n<p>share-arrowDela<\/p>\n<p>unsaveSpara<\/p>\n<p>expand-left<\/p>\n<p>helsk\u00e4rm<img decoding=\"async\" class=\"image-asset hyperion-css-u06ts1\" data-test-tag=\"image-asset\" src=\"https:\/\/www.europesays.com\/se\/wp-content\/uploads\/2025\/12\/3638aa04-a0ee-4762-baa1-3f7017853f67\"  alt=\"Sj\u00f6r\u00e4ddningen kom tillbaka till Oxel\u00f6sund strax efter midnatt.\"  loading=\"eager\" fetchpriority=\"high\" style=\"aspect-ratio:1900 \/ 1141\"\/>Sj\u00f6r\u00e4ddningen kom tillbaka till Oxel\u00f6sund strax efter midnatt. Foto: Pontus Stenberg<\/p>\n<p class=\"hyperion-css-1shl3oz\" data-test-tag=\"lead-text\">Kontakten med fiskeb\u00e5tens GPS f\u00f6rsvann.<\/p>\n<p class=\"hyperion-css-1shl3oz\" data-test-tag=\"lead-text\">D\u00e5 drog en stor s\u00f6kinsats i g\u00e5ng.<\/p>\n<p class=\"hyperion-css-1shl3oz\" data-test-tag=\"lead-text\">Nu har tv\u00e5 m\u00e4n hittats i vattnet.<\/p>\n<p class=\"hyperion-css-1v9qo5x\">Tv\u00e5 professionella fiskare gick ut med fiskeb\u00e5ten i Oxel\u00f6sund under juldagsmorgonen. <\/p>\n<p class=\"hyperion-css-1v9qo5x\">Under kv\u00e4llen tappades kontakten med GPS:en och oroliga anh\u00f6riga larmade 112 \u2013 d\u00e5 drog en stor s\u00f6kinsats i g\u00e5ng.<\/p>\n<p class=\"hyperion-css-1v9qo5x\">Nu har de b\u00e5da m\u00e4nnen i 60-\u00e5rs\u00e5ldern hittats i vattnet och f\u00f6rts till sjukhus med ambulans.<\/p>\n<p class=\"hyperion-css-1v9qo5x\">\u2013 Det \u00e4r ganska m\u00e5nga timmar sen man tappade kontakten med GPS:en. Sen hur l\u00e4nge de har legat i vattnet g\u00e5r inte att svara p\u00e5, s\u00e4ger Linus Maxe, bef\u00e4l vid polisens ledningscentral.<\/p>\n<p class=\"hyperion-css-1v9qo5x\">Det g\u00e5r inte heller att svara p\u00e5 varf\u00f6r m\u00e4nnen har hamnat i vattnet.<\/p>\n<p>Stor insats<\/p>\n<p class=\"hyperion-css-1v9qo5x\">Larmet kom in klockan 20.44 och flera resurser fr\u00e5n olika r\u00e4ddningsinstanser var inblandade.<\/p>\n<p class=\"hyperion-css-1v9qo5x\">\u2013 Det drogs i g\u00e5ng en sj\u00f6r\u00e4ddningsinsats ganska snabbt, s\u00e4ger Johan Wahlstr\u00f6m, presstalesperson p\u00e5 Sj\u00f6fartsverket.<\/p>\n<p class=\"hyperion-css-1v9qo5x\">En helikopter och en lotsb\u00e5t fr\u00e5n Sj\u00f6fartsverket, tv\u00e5 fartyg fr\u00e5n Kustbevakningen och tv\u00e5 b\u00e5tar fr\u00e5n sj\u00f6r\u00e4ddningss\u00e4llskapet ingick i s\u00f6kinsatsen. \u00c4ven polisen bitr\u00e4dde i s\u00f6kandet.<\/p>\n<p class=\"hyperion-css-1v9qo5x\">M\u00e4nnen hittades runt tv\u00e5 timmar efter larmet.<\/p>\n<p class=\"hyperion-css-1v9qo5x\">\u2013 Insatsen \u00e4r avslutad. B\u00e5ten \u00e4r inte antr\u00e4ffad och den har troligtvis sjunkit, s\u00e4ger Wahlstr\u00f6m.<\/p>\n","protected":false},"excerpt":{"rendered":"Uppdaterad 01.00 | Publicerad 2025-12-25 23.09 share-arrowDela unsaveSpara expand-left helsk\u00e4rmSj\u00f6r\u00e4ddningen kom tillbaka till Oxel\u00f6sund strax efter midnatt. Foto:&hellip;\n","protected":false},"author":2,"featured_media":117026,"comment_status":"","ping_status":"","sticky":false,"template":"","format":"standard","meta":{"footnotes":""},"categories":[5],"tags":[22,23,26,27,17,21,24,25,28,29,15,16,18,34,31,33,32,30,19,20],"class_list":{"0":"post-117025","1":"post","2":"type-post","3":"status-publish","4":"format-standard","5":"has-post-thumbnail","7":"category-rubriker","8":"tag-breaking-news","9":"tag-breakingnews","10":"tag-featured-news","11":"tag-featurednews","12":"tag-headlines","13":"tag-huvudnyheter","14":"tag-latest-news","15":"tag-latestnews","16":"tag-main-news","17":"tag-mainnews","18":"tag-news","19":"tag-nyheter","20":"tag-rubriker","21":"tag-se","22":"tag-svenska","23":"tag-sverige","24":"tag-sweden","25":"tag-swedish","26":"tag-top-stories","27":"tag-topstories"},"share_on_mastodon":{"url":"https:\/\/pubeurope.com\/@se\/115783289130174494","error":""},"_links":{"self":[{"href":"https:\/\/www.europesays.com\/se\/wp-json\/wp\/v2\/posts\/117025","targetHints":{"allow":["GET"]}}],"collection":[{"href":"https:\/\/www.europesays.com\/se\/wp-json\/wp\/v2\/posts"}],"about":[{"href":"https:\/\/www.europesays.com\/se\/wp-json\/wp\/v2\/types\/post"}],"author":[{"embeddable":true,"href":"https:\/\/www.europesays.com\/se\/wp-json\/wp\/v2\/users\/2"}],"replies":[{"embeddable":true,"href":"https:\/\/www.europesays.com\/se\/wp-json\/wp\/v2\/comments?post=117025"}],"version-history":[{"count":0,"href":"https:\/\/www.europesays.com\/se\/wp-json\/wp\/v2\/posts\/117025\/revisions"}],"wp:featuredmedia":[{"embeddable":true,"href":"https:\/\/www.europesays.com\/se\/wp-json\/wp\/v2\/media\/117026"}],"wp:attachment":[{"href":"https:\/\/www.europesays.com\/se\/wp-json\/wp\/v2\/media?parent=117025"}],"wp:term":[{"taxonomy":"category","embeddable":true,"href":"https:\/\/www.europesays.com\/se\/wp-json\/wp\/v2\/categories?post=117025"},{"taxonomy":"post_tag","embeddable":true,"href":"https:\/\/www.europesays.com\/se\/wp-json\/wp\/v2\/tags?post=117025"}],"curies":[{"name":"wp","href":"https:\/\/api.w.org\/{rel}","templated":true}]}}