{"id":117027,"date":"2025-12-26T01:54:30","date_gmt":"2025-12-26T01:54:30","guid":{"rendered":"https:\/\/www.europesays.com\/se\/117027\/"},"modified":"2025-12-26T01:54:30","modified_gmt":"2025-12-26T01:54:30","slug":"siw-malmkvists-besked-till-svt-det-gor-jag-garna","status":"publish","type":"post","link":"https:\/\/www.europesays.com\/se\/117027\/","title":{"rendered":"Siw Malmkvists besked till SVT: \u201dDet g\u00f6r jag g\u00e4rna\u201d"},"content":{"rendered":"<p>Publicerad 24 dec 2025 kl 22.37Uppdaterad 25 dec kl 07.12<\/p>\n<p>Siw Malmkvist \u00e4r tr\u00f6tt men glad efter den l\u00e5nga tv-s\u00e4ndningen p\u00e5 julafton.<\/p>\n<p>Och hon vill g\u00e4rna vara julv\u00e4rd igen.<\/p>\n<p>\u2013 Jag ville g\u00f6ra en rolig grej och lura er alla, s\u00e4ger hon om \u201dmissen\u201d \u2013 n\u00e4r hon bl\u00e5ste ut ljuset kort efter att hon t\u00e4nde det.<\/p>\n<p>N\u00e4r julv\u00e4rden Siw Malmkvist lyckats t\u00e4nda det traditionsenliga ljuset i SVT:s juls\u00e4ndning v\u00e4nde hon sig mot det och bl\u00e5ste ut b\u00e5de t\u00e4ndsticka och ljus.<img loading=\"lazy\"   alt=\"\"\/><\/p>\n<p>Siw Malmkvist var \u00e5rets julv\u00e4rd.<\/p>\n<p>Foto: Sk\u00e4rmdump fr\u00e5n SVT<\/p>\n<p>\u00d6ppna bild i helsk\u00e4rm<img loading=\"lazy\"   alt=\"\"\/><\/p>\n<p>N\u00e4r Siw Malmkvist skulle t\u00e4nda ljuset r\u00e5kade hon bl\u00e5sa ut det direkt efter\u00e5t.<\/p>\n<p>Foto: Sk\u00e4rmdump fr\u00e5n SVT<\/p>\n<p>\u00d6ppna bild i helsk\u00e4rmArtikeln i korthet<\/p>\n<p>\u2022 Siw Malmkvist pustar ut efter julaftonss\u00e4ndningen \u2013 tr\u00f6tt, glad och mycket n\u00f6jd med sitt uppdrag som julv\u00e4rd.<\/p>\n<p>\u2022 Hon \u00f6ppnar f\u00f6r att g\u00f6ra om rollen och s\u00e4ger att hon g\u00e4rna tackar ja igen<\/p>\n<p>\u2022 Julen firades i pauserna bakom kulisserna tillsammans med familjen.<\/p>\n<p>\u2022 Programmet rymde b\u00e5de skratt och allvar, med personliga ord om saknaden efter maken.<\/p>\n<p>Visa mer<\/p>\n<p><a href=\"https:\/\/www.expressen.se\/tagg\/person\/siw-malmkvist\/\" class=\"\" rel=\"nofollow noopener\" target=\"_blank\">Siw Malmkvist<\/a>, 88, pustar ut efter flera timmars direkts\u00e4ndning som julv\u00e4rd i SVT. Hon \u00e4r mycket n\u00f6jd med sitt program och skulle inte s\u00e4ga nej till ett anbud till att bli programledare igen.<\/p>\n<p>\u2013 Jag \u00e4r lite tr\u00f6tt men m\u00e5r utm\u00e4rkt. Jag \u00e4r glad att jag inte var nerv\u00f6s utan lugn hela tiden, s\u00e4ger Siw Malmkvist.<\/p>\n<p>\u2013 Det var j\u00e4tteroligt, det g\u00f6r jag g\u00e4rna igen. De byter ju julv\u00e4rd varje \u00e5r. Men t\u00e4nk om jag f\u00e5r ett anbud igen, d\u00e5 vet man aldrig vad jag svarar, s\u00e4ger hon och skrattar.<\/p>\n<p>Hon ber\u00e4ttar att hon passade p\u00e5 att fira lite egen jul med familjen bakom kulisserna \u2013 n\u00e4r hon fick pauser i form av filminslag och andra avbrott.<\/p>\n<p>Firade jul bakom kulisserna<\/p>\n<p>\u2013 I pauserna kunde jag ta det lite lugnt. Fika, l\u00f6sa korsord. Och mina barn var p\u00e5 plats s\u00e5 vi kunde fira lite jul f\u00f6r oss sj\u00e4lva bakom studion, s\u00e4ger Siw Malmkvist.<\/p>\n<p>\u2013 S\u00e5 nu beh\u00f6ver jag inte fira mer jul i kv\u00e4ll. Jag \u00e5ker hem och varvar ned med \u00e4ta en macka och dricka O&#8217;boy. Och s\u00e5 l\u00f6ser jag lite mer korsord och spelar mahjong innan jag g\u00e5r och l\u00e4gger mig, s\u00e4ger hon.<\/p>\n<p>Hennes program blev en blandning av sk\u00e4mt och allvar, gl\u00e4dje och sorg. Och det inneh\u00f6ll m\u00e5nga \u00f6verraskningar, bland annat att ljuset sl\u00e4cktes.<\/p>\n<p>\u2013 Jag hittade sj\u00e4lv p\u00e5 det d\u00e4r med att ljuset skulle slockna. Jag darrade inte det minsta p\u00e5 handen och var inte det minsta nerv\u00f6s. Jag ville g\u00f6ra en rolig grej och lura er alla, s\u00e4ger hon.<\/p>\n<p>K\u00e4nner alla julv\u00e4rdarna<\/p>\n<p>D\u00e4remot var m\u00f6tet med en m\u00e4ngd tidigare julv\u00e4rdar en \u00f6verraskning, som hon inte hade en aning om. F\u00f6rst kom Mark Levengood, f\u00f6rra \u00e5rets julv\u00e4rd, och pussade en f\u00f6rbluffad Siw Malmkvist p\u00e5 kinden. Sedan d\u00f6k en l\u00e5ng rad exjulv\u00e4rdar upp i studion.<\/p>\n<p>\u2013 F\u00f6rst kom Mark in, det var en kul \u00f6verraskning. Sen kom hela g\u00e4nget. Jag k\u00e4nner allihop, det var j\u00e4tteroligt, s\u00e4ger Siw Malmkvist.<\/p>\n<p>Programmet inneh\u00f6ll ocks\u00e5 en stund av allvar n\u00e4r hon talade om ensamhet och om hur hon saknar sin make Fredrik Ohlsson, som avled f\u00f6r tv\u00e5 \u00e5r sedan.<\/p>\n<p>\u2013 Det k\u00e4ndes helt naturligt att tala om Fredrik n\u00e4r \u00e4mnet var ensamhet. Jag ber\u00e4ttade om hur det \u00e4r ensamt och tyst hemma utan honom. Och hur det k\u00e4nns n\u00e4r det finns s\u00e5 mycket jag skulle vilja ber\u00e4tta f\u00f6r honom, s\u00e4ger hon.<\/p>\n<p>Film och utst\u00e4llningar<\/p>\n<p>Efter att ha slagit igenom som artist p\u00e5 1950-talet har Siw Malmkvist st\u00e4ndigt varit i ropet. Men kanske s\u00e4llan mer \u00e4n just nu n\u00e4r hon varit julv\u00e4rd och det finns en ny film om hennes liv.<\/p>\n<p>\u2013 Det k\u00e4nns ibland som det \u00e4r lite f\u00f6r mycket Siw Malmkvist just nu. Men jag \u00e4r v\u00e4ldigt glad \u00f6ver framg\u00e5ngen med filmen. Jag har fullt program. Dels \u00e5ker jag runt till olika platser med filmen, dels har jag utst\u00e4llningar med mina tavlor runtom i landet, s\u00e4ger hon.<\/p>\n<p><strong>L\u00c4S MER: <\/strong><a href=\"https:\/\/www.expressen.se\/noje\/kronikorer\/anders-bjorkman\/aldrig-har-nagon-julvard-hyllats-som-siw-malmkvist\/\" class=\"\" rel=\"nofollow noopener\" target=\"_blank\">Aldrig har n\u00e5gon julv\u00e4rd hyllats som Siw Malmkvist<\/a><strong>L\u00c4S MER: <\/strong><a href=\"https:\/\/www.expressen.se\/noje\/siw-malmkvists-hemliga-knep-i-sandning\/\" class=\"\" rel=\"nofollow noopener\" target=\"_blank\">Siw Malmkvists hemliga knep i s\u00e4ndning<\/a><strong>L\u00c4S MER: <\/strong><a href=\"https:\/\/www.expressen.se\/noje\/efter-framgangsaret--sa-mycket-tjanar-julvarden-siw-malmkvist\/\" class=\"premium-link\" rel=\"nofollow noopener\" target=\"_blank\">Premium Efter framg\u00e5ngs\u00e5ret \u2013\u00a0s\u00e5 mycket tj\u00e4nar julv\u00e4rden Siw Malmkvist<\/a><img alt=\"\"\/>Ljudklippet gick inte att spela upp<\/p>\n<p>F\u00f6rs\u00f6k igen senare<\/p>\n","protected":false},"excerpt":{"rendered":"Publicerad 24 dec 2025 kl 22.37Uppdaterad 25 dec kl 07.12 Siw Malmkvist \u00e4r tr\u00f6tt men glad efter den&hellip;\n","protected":false},"author":2,"featured_media":117028,"comment_status":"","ping_status":"","sticky":false,"template":"","format":"standard","meta":{"footnotes":""},"categories":[5],"tags":[22,23,26,27,17,21,24,25,28,29,15,16,361,2607,18,34,31,33,32,30,19,646,20],"class_list":{"0":"post-117027","1":"post","2":"type-post","3":"status-publish","4":"format-standard","5":"has-post-thumbnail","7":"category-rubriker","8":"tag-breaking-news","9":"tag-breakingnews","10":"tag-featured-news","11":"tag-featurednews","12":"tag-headlines","13":"tag-huvudnyheter","14":"tag-latest-news","15":"tag-latestnews","16":"tag-main-news","17":"tag-mainnews","18":"tag-news","19":"tag-nyheter","20":"tag-organization-svt","21":"tag-person-siw-malmkvist","22":"tag-rubriker","23":"tag-se","24":"tag-svenska","25":"tag-sverige","26":"tag-sweden","27":"tag-swedish","28":"tag-top-stories","29":"tag-topic-tv-serier","30":"tag-topstories"},"share_on_mastodon":{"url":"https:\/\/pubeurope.com\/@se\/115783379414410226","error":""},"_links":{"self":[{"href":"https:\/\/www.europesays.com\/se\/wp-json\/wp\/v2\/posts\/117027","targetHints":{"allow":["GET"]}}],"collection":[{"href":"https:\/\/www.europesays.com\/se\/wp-json\/wp\/v2\/posts"}],"about":[{"href":"https:\/\/www.europesays.com\/se\/wp-json\/wp\/v2\/types\/post"}],"author":[{"embeddable":true,"href":"https:\/\/www.europesays.com\/se\/wp-json\/wp\/v2\/users\/2"}],"replies":[{"embeddable":true,"href":"https:\/\/www.europesays.com\/se\/wp-json\/wp\/v2\/comments?post=117027"}],"version-history":[{"count":0,"href":"https:\/\/www.europesays.com\/se\/wp-json\/wp\/v2\/posts\/117027\/revisions"}],"wp:featuredmedia":[{"embeddable":true,"href":"https:\/\/www.europesays.com\/se\/wp-json\/wp\/v2\/media\/117028"}],"wp:attachment":[{"href":"https:\/\/www.europesays.com\/se\/wp-json\/wp\/v2\/media?parent=117027"}],"wp:term":[{"taxonomy":"category","embeddable":true,"href":"https:\/\/www.europesays.com\/se\/wp-json\/wp\/v2\/categories?post=117027"},{"taxonomy":"post_tag","embeddable":true,"href":"https:\/\/www.europesays.com\/se\/wp-json\/wp\/v2\/tags?post=117027"}],"curies":[{"name":"wp","href":"https:\/\/api.w.org\/{rel}","templated":true}]}}