{"id":117031,"date":"2025-12-26T02:20:37","date_gmt":"2025-12-26T02:20:37","guid":{"rendered":"https:\/\/www.europesays.com\/se\/117031\/"},"modified":"2025-12-26T02:20:37","modified_gmt":"2025-12-26T02:20:37","slug":"michael-christmas-udda-namn-heter-du-verkligen-det","status":"publish","type":"post","link":"https:\/\/www.europesays.com\/se\/117031\/","title":{"rendered":"Michael Christmas udda namn: \u201dHeter du verkligen det?\u201d"},"content":{"rendered":"<p>Publicerad 24 dec 2025 kl 12.45<\/p>\n<p><img loading=\"lazy\"   alt=\"\"\/> <\/p>\n<p>Foto: J\u00d6RGEN JARNBERGER \/ BILDBYR\u00c5N<\/p>\n<p>\u00d6ppna bild i helsk\u00e4rm<img loading=\"lazy\"   alt=\"\"\/> <\/p>\n<p>Foto: J\u00d6RGEN JARNBERGER \/ BILDBYR\u00c5N<\/p>\n<p>\u00d6ppna bild i helsk\u00e4rmArtikeln i korthet<\/p>\n<p> Michael Christmas spelar sin f\u00f6rsta s\u00e4song utomlands med J\u00e4mtland Basket.<\/p>\n<p> Han ber\u00e4ttar om omst\u00e4llningen fr\u00e5n collegebasket och saknaden efter familjen.<\/p>\n<p> Namnet Christmas v\u00e4cker uppm\u00e4rksamhet och han dr\u00f6mmer om slutspel och framg\u00e5ng.<\/p>\n<p>Visa mer<\/p>\n<p>En 24 \u00e5r ung amerikan str\u00e4cker p\u00e5 sig och sl\u00e4pper bollen. Den flyger genom luften och tr\u00e4ffar korgen.<\/p>\n<p>\u201dHo, ho, ho! Merry Christmas!\u201d<\/p>\n<p>Det d\u00e5nar i h\u00f6gtalarna i Tegeltemplet i \u00d6stersund. Michael Christmas har precis satt en trepo\u00e4ngare.<\/p>\n<p>\u2013 F\u00f6rsta g\u00e5ngen jag h\u00f6rde det s\u00e5 t\u00e4nkte jag \u201dwow\u201d. Jag har inte varit med om n\u00e5got liknande, s\u00e4ger han och ler.\u00a0<\/p>\n<p>Den unge amerikanen ansl\u00f6t till J\u00e4mtland Basket under sommaren efter att hans collegeresa tagit slut. Det \u00e4r det f\u00f6rsta utlands\u00e4ventyret som professionell basketspelare.\u00a0<\/p>\n<p>\u2013\u00a0Det \u00e4r en stor skillnad. Jag har aldrig spelat s\u00e5 fort i hela mitt liv. Att spela mot riktigt fullvuxna m\u00e4n har varit en omst\u00e4llning fr\u00e5n universitetet, s\u00e4ger Christmas.<\/p>\n<p>Uppvuxen i en sportfamilj \u2013 pappa jobbar p\u00e5 tv-giganten<\/p>\n<p>Christmas \u00e4r uppvuxen i en sportintresserad familj, med en pappa som sk\u00f6ter sports\u00e4ndningarna f\u00f6r NBC Sports. Ett tidigt minne av sin idol LeBron James var OS i London 2012. D\u00e5 fick han f\u00f6lja med pappa Sean \u2013 och se LeBron spela live.\u00a0<\/p>\n<p>\u2013\u00a0Det \u00e4r den enda g\u00e5ngen vi har f\u00e5tt f\u00f6lja med. Vi fick se LeBron, Kobe (Bryant), Kevin Durant, alla de stora. Det var h\u00e4ftigt.<\/p>\n<p>Nu dr\u00f6mmer han sj\u00e4lv om slutspel och pokaler.\u00a0<\/p>\n<p>\u2013\u00a0Jag vill alltid g\u00e5 till slutspel och vinna. Det \u00e4r huvudfokus. Sedan har jag s\u00e5 klart lite individuella m\u00e5l ocks\u00e5. Det finns ju utm\u00e4rkelser i slutet av varje s\u00e4song. Det hade varit en bra start p\u00e5 karri\u00e4ren att f\u00e5 n\u00e5got s\u00e5dant, s\u00e4ger 24-\u00e5ringen.<\/p>\n<p>Namnet Christmas: \u201dJag borde ha 24 i st\u00e4llet f\u00f6r 25 p\u00e5 tr\u00f6jan\u201d<\/p>\n<p>Men namnet d\u00e5? Att heta Christmas g\u00e5r s\u00e4llan obem\u00e4rkt f\u00f6rbi.<\/p>\n<p>\u2013 Folk kommer fram till mig och fr\u00e5gar: \u201dHeter du verkligen jul?\u201d, s\u00e4ger han och skrattar.<\/p>\n<p>\u2013 De brukar s\u00e4ga att jag borde ha nummer 24, i st\u00e4llet f\u00f6r 25, p\u00e5 tr\u00f6jan. Jag trodde att alla firade den 25 december, s\u00e4ger han och ber\u00e4ttar att han funderar p\u00e5 att k\u00f6pa en julgran f\u00f6r att f\u00e5 lite extra julk\u00e4nsla.<\/p>\n<p>\u2013 Det \u00e4r f\u00f6rsta g\u00e5ngen jag \u00e4r borta fr\u00e5n min familj under en s\u00e5 h\u00e4r l\u00e5ng tid, konstaterar han.\u00a0<\/p>\n<p>J\u00e4mtland tar emot N\u00e4ssj\u00f6 den 27 december. <a href=\"https:\/\/livesport.expressen.se\/livestream\/s-jamtland-nassjo-aiswom\" rel=\"nofollow noopener\" target=\"_blank\">Expressens s\u00e4ndning<\/a> startar klockan 17:50.<\/p>\n<p>Se \u00e4ven: Christmas svenskchock<\/p>\n","protected":false},"excerpt":{"rendered":"Publicerad 24 dec 2025 kl 12.45 Foto: J\u00d6RGEN JARNBERGER \/ BILDBYR\u00c5N \u00d6ppna bild i helsk\u00e4rm Foto: J\u00d6RGEN JARNBERGER&hellip;\n","protected":false},"author":2,"featured_media":117032,"comment_status":"","ping_status":"","sticky":false,"template":"","format":"standard","meta":{"footnotes":""},"categories":[68],"tags":[12575,34,2126,111,110,31,33,32,30],"class_list":{"0":"post-117031","1":"post","2":"type-post","3":"status-publish","4":"format-standard","5":"has-post-thumbnail","7":"category-sport","8":"tag-organization-svenska-basketligan","9":"tag-se","10":"tag-sections-basket","11":"tag-sport","12":"tag-sports","13":"tag-svenska","14":"tag-sverige","15":"tag-sweden","16":"tag-swedish"},"share_on_mastodon":{"url":"https:\/\/pubeurope.com\/@se\/115783481636816241","error":""},"_links":{"self":[{"href":"https:\/\/www.europesays.com\/se\/wp-json\/wp\/v2\/posts\/117031","targetHints":{"allow":["GET"]}}],"collection":[{"href":"https:\/\/www.europesays.com\/se\/wp-json\/wp\/v2\/posts"}],"about":[{"href":"https:\/\/www.europesays.com\/se\/wp-json\/wp\/v2\/types\/post"}],"author":[{"embeddable":true,"href":"https:\/\/www.europesays.com\/se\/wp-json\/wp\/v2\/users\/2"}],"replies":[{"embeddable":true,"href":"https:\/\/www.europesays.com\/se\/wp-json\/wp\/v2\/comments?post=117031"}],"version-history":[{"count":0,"href":"https:\/\/www.europesays.com\/se\/wp-json\/wp\/v2\/posts\/117031\/revisions"}],"wp:featuredmedia":[{"embeddable":true,"href":"https:\/\/www.europesays.com\/se\/wp-json\/wp\/v2\/media\/117032"}],"wp:attachment":[{"href":"https:\/\/www.europesays.com\/se\/wp-json\/wp\/v2\/media?parent=117031"}],"wp:term":[{"taxonomy":"category","embeddable":true,"href":"https:\/\/www.europesays.com\/se\/wp-json\/wp\/v2\/categories?post=117031"},{"taxonomy":"post_tag","embeddable":true,"href":"https:\/\/www.europesays.com\/se\/wp-json\/wp\/v2\/tags?post=117031"}],"curies":[{"name":"wp","href":"https:\/\/api.w.org\/{rel}","templated":true}]}}