{"id":117035,"date":"2025-12-26T02:28:13","date_gmt":"2025-12-26T02:28:13","guid":{"rendered":"https:\/\/www.europesays.com\/se\/117035\/"},"modified":"2025-12-26T02:28:13","modified_gmt":"2025-12-26T02:28:13","slug":"kalle-kossila-ska-vara-hundra-nerikes-allehanda","status":"publish","type":"post","link":"https:\/\/www.europesays.com\/se\/117035\/","title":{"rendered":"Kalle Kossila \u201dska vara hundra\u201d \u2013 Nerikes Allehanda"},"content":{"rendered":"<p>Kalle Kossila har dragits med skadeproblem \u00e4nda sedan den 1 november, d\u00e5 han \u00e5kte p\u00e5 en sm\u00e4ll i hemmamatchen mot Skellefte\u00e5. Den finske centerstj\u00e4rnan var tillbaka tv\u00e5 veckor senare, men klev av och vilade ytterligare tv\u00e5 veckor, innan han gjorde ett nytt comebackf\u00f6rs\u00f6k. D\u00e5, borta mot HV71, haltande han bet\u00e4nkligt i slutet, men fullf\u00f6ljde matchen. Sedan dess har det g\u00e5tt en m\u00e5nad utan spel.<\/p>\n","protected":false},"excerpt":{"rendered":"Kalle Kossila har dragits med skadeproblem \u00e4nda sedan den 1 november, d\u00e5 han \u00e5kte p\u00e5 en sm\u00e4ll i&hellip;\n","protected":false},"author":2,"featured_media":117036,"comment_status":"","ping_status":"","sticky":false,"template":"","format":"standard","meta":{"footnotes":""},"categories":[68],"tags":[34,111,110,31,33,32,30],"class_list":{"0":"post-117035","1":"post","2":"type-post","3":"status-publish","4":"format-standard","5":"has-post-thumbnail","7":"category-sport","8":"tag-se","9":"tag-sport","10":"tag-sports","11":"tag-svenska","12":"tag-sverige","13":"tag-sweden","14":"tag-swedish"},"share_on_mastodon":{"url":"https:\/\/pubeurope.com\/@se\/115783513072073077","error":""},"_links":{"self":[{"href":"https:\/\/www.europesays.com\/se\/wp-json\/wp\/v2\/posts\/117035","targetHints":{"allow":["GET"]}}],"collection":[{"href":"https:\/\/www.europesays.com\/se\/wp-json\/wp\/v2\/posts"}],"about":[{"href":"https:\/\/www.europesays.com\/se\/wp-json\/wp\/v2\/types\/post"}],"author":[{"embeddable":true,"href":"https:\/\/www.europesays.com\/se\/wp-json\/wp\/v2\/users\/2"}],"replies":[{"embeddable":true,"href":"https:\/\/www.europesays.com\/se\/wp-json\/wp\/v2\/comments?post=117035"}],"version-history":[{"count":0,"href":"https:\/\/www.europesays.com\/se\/wp-json\/wp\/v2\/posts\/117035\/revisions"}],"wp:featuredmedia":[{"embeddable":true,"href":"https:\/\/www.europesays.com\/se\/wp-json\/wp\/v2\/media\/117036"}],"wp:attachment":[{"href":"https:\/\/www.europesays.com\/se\/wp-json\/wp\/v2\/media?parent=117035"}],"wp:term":[{"taxonomy":"category","embeddable":true,"href":"https:\/\/www.europesays.com\/se\/wp-json\/wp\/v2\/categories?post=117035"},{"taxonomy":"post_tag","embeddable":true,"href":"https:\/\/www.europesays.com\/se\/wp-json\/wp\/v2\/tags?post=117035"}],"curies":[{"name":"wp","href":"https:\/\/api.w.org\/{rel}","templated":true}]}}