{"id":117041,"date":"2025-12-26T03:13:17","date_gmt":"2025-12-26T03:13:17","guid":{"rendered":"https:\/\/www.europesays.com\/se\/117041\/"},"modified":"2025-12-26T03:13:17","modified_gmt":"2025-12-26T03:13:17","slug":"sportbutiken-i-skelleftea-tillbaka-med-allt-for-ett-aktivt-2026","status":"publish","type":"post","link":"https:\/\/www.europesays.com\/se\/117041\/","title":{"rendered":"Sportbutiken i Skellefte\u00e5 tillbaka \u2013 med allt f\u00f6r ett aktivt 2026"},"content":{"rendered":"<p><a href=\"https:\/\/www.teamsportia.se\/stores\/team-sportia-skelleftea\/\" rel=\"sponsored noopener noreferrer nofollow\" target=\"_blank\" title=\"L\u00e4nken \u00f6ppnas i en ny flik\">Team Sportia<\/a> \u00e4r tillbaka i Skellefte\u00e5. Den 14 november \u00f6ppnade nya butiken p\u00e5 Gymnasiev\u00e4gen 14 och f\u00f6r del\u00e4garna Anton Wiklund, Erik Degermark och P\u00e4r Gustafsson har det varit full fart sedan dess. Nu ser trion fram emot ett aktivt 2026 med produkter som s\u00e4tter tonen f\u00f6r ett gl\u00e4djefyllt \u00e5r.<\/p>\n<p>\u2013 Vi vill ge kunderna en aha-upplevelse. H\u00e4r ska du inte bara f\u00e5 n\u00e5gra skor i handen och n\u00f6ja dig med det \u2013 du ska veta varf\u00f6r och k\u00e4nna att vi har anpassat efter \u00f6nskem\u00e5l, s\u00e4ger P\u00e4r medan Erik fyller i:<\/p>\n<p>\u2013 Det blir alltid roligare med r\u00e4tt f\u00f6ruts\u00e4ttningar. F\u00f6r oss \u00e4r det superviktigt att du f\u00e5r bra grejer f\u00f6r det du vill g\u00f6ra, annars kommer man inte l\u00e5ngt.<\/p>\n<p>Passa p\u00e5 \u2013 <a href=\"https:\/\/www.teamsportia.se\/produkt\/madshus-endurace-skin-rottefella-move-3-0-langdskidor\/\" rel=\"sponsored noopener noreferrer nofollow\" target=\"_blank\" title=\"L\u00e4nken \u00f6ppnas i en ny flik\">Madshus Endurace Skin + Rottefella Move 3.0 Skidpaket<\/a> f\u00f6r 3 999 kr (bara p\u00e5 Team Sportia i Skellefte\u00e5, tidigare 6 099 kr)<\/p>\n<p><img decoding=\"async\" style=\"width: 100%; aspect-ratio: 16 \/ 9 auto;\" src=\"https:\/\/www.europesays.com\/se\/wp-content\/uploads\/2025\/12\/de83eb8c-0dfc-4ace-9458-5c39096e0c18\" alt=\"Team Sportia \u00e4r tillbaka i Skellefte\u00e5 sedan n\u00e5gra veckor tillbaka.\" class=\"\" loading=\"lazy\" fetchpriority=\"auto\"\/><\/p>\n<p>Team Sportia \u00e4r tillbaka i Skellefte\u00e5 sedan n\u00e5gra veckor tillbaka.<\/p>\n<p>Foto: Team Sportia Skellefte\u00e5<\/p>\n<p><img decoding=\"async\" style=\"width: 100%; aspect-ratio: 16 \/ 9 auto;\" src=\"https:\/\/www.europesays.com\/se\/wp-content\/uploads\/2025\/12\/dea95b53-0868-4015-b59f-c6249f2bbfbc\" alt=\"P\u00e4r Gustafsson \u00e4r expert p\u00e5 l\u00e4ngdskidor och golf.\" class=\"\" loading=\"lazy\" fetchpriority=\"auto\"\/><\/p>\n<p>P\u00e4r Gustafsson \u00e4r expert p\u00e5 l\u00e4ngdskidor och golf.<\/p>\n<p>Foto: Team Sportia Skellefte\u00e5<\/p>\n<p><strong>\u201dF\u00e5tt ett j\u00e4tteuppsving\u201d<\/strong><br \/>Butiken, som nischat sig mot skidor, cyklar, golf och skor, har ett brett sortiment och n\u00e5gonting f\u00f6r alla \u2013 oavsett niv\u00e5. Totalt arbetar fyra personer <a href=\"https:\/\/www.teamsportia.se\/stores\/team-sportia-skelleftea\/\" rel=\"sponsored noopener noreferrer nofollow\" target=\"_blank\" title=\"L\u00e4nken \u00f6ppnas i en ny flik\">i butiken <\/a>och tillsammans besitter personalen \u00f6ver 40 \u00e5rs erfarenhet.<\/p>\n<p>\u2013 Vi \u00e4r specialiserade inom de omr\u00e5den vi arbetar med och har framf\u00f6r allt kunskapen. Man ska f\u00e5 riktigt bra hj\u00e4lp och alltid kunna prata med n\u00e5gon som har koll p\u00e5 grejerna, s\u00e4ger Erik.\u00a0<\/p>\n<p><img decoding=\"async\" style=\"width: 100%; aspect-ratio: 16 \/ 9 auto;\" src=\"https:\/\/www.europesays.com\/se\/wp-content\/uploads\/2025\/12\/275b6de5-d0a9-4968-bc0b-308c16dbf1e9\" alt=\"Anton Wiklund hittar du ofta p\u00e5 skoavdelningen.\" class=\"\" loading=\"lazy\" fetchpriority=\"auto\"\/><\/p>\n<p>Anton Wiklund hittar du ofta p\u00e5 skoavdelningen.<\/p>\n<p>Foto: Team Sportia Skellefte\u00e5<\/p>\n<p>I skrivande stund \u00e4r l\u00e4ngdskidor efterfr\u00e5gat \u2013 d\u00e4r m\u00e5nga kommer in f\u00f6r att \u00e5teruppliva aktiviteten som var ett st\u00e5ende inslag under skolidrotten.<\/p>\n<p>\u2013 L\u00e4ngdskid\u00e5kningen har f\u00e5tt ett j\u00e4tteuppsving, det \u00e4r m\u00e5nga som kanske inte \u00e5kt sedan skolan och som nu insett vilken bra tr\u00e4ningsform det \u00e4r och vill b\u00f6rja igen, s\u00e4ger Anton och forts\u00e4tter:<\/p>\n<p>\u2013 Kruxet \u00e4r att m\u00e5nga inte riktigt vet vart man ska b\u00f6rja \u2013 och det \u00e4r d\u00e5 man ska komma till oss och be om tips.<\/p>\n<p><a href=\"https:\/\/www.teamsportia.se\/produkt\/atomic-vasa-pro-skintec-medium-shift-classic-skidpaket-langdskidor\/\" rel=\"sponsored noopener noreferrer nofollow\" target=\"_blank\" title=\"L\u00e4nken \u00f6ppnas i en ny flik\">Slipp vallastressen och s\u00e4kra greppet i sp\u00e5ren med skinskidor fr\u00e5n endast 2 999 kr!<\/a><\/p>\n<p><img decoding=\"async\" style=\"width: 100%; aspect-ratio: 16 \/ 9 auto;\" src=\"https:\/\/www.europesays.com\/se\/wp-content\/uploads\/2025\/12\/04e7933d-131e-4cf5-b458-346e4bd05c66\" alt=\"Precisa hj\u00e4lpen finns alltid d\u00e4r med Erik Degermark och hans kollegor p\u00e5 plats.\" class=\"\" loading=\"lazy\" fetchpriority=\"auto\"\/><\/p>\n<p>Precisa hj\u00e4lpen finns alltid d\u00e4r med Erik Degermark och hans kollegor p\u00e5 plats.<\/p>\n<p>Foto: Team Sportia Skellefte\u00e5<\/p>\n<p><strong>Det lilla extra<\/strong><br \/>F\u00f6r att s\u00e4kerst\u00e4lla att du f\u00e5r optimala skidor s\u00e5 m\u00e4ts och provas allting p\u00e5 plats. Samma g\u00e4ller \u00e4ven f\u00f6r butikens andra sortiment \u2013 vilket \u00e4r en service du inte kan f\u00e5 online.<\/p>\n<p>\u2013 Vi kollar och testar ut allt s\u00e5 det passar och funkar. Exempelvis har vi en simulator p\u00e5 golfavdelningen d\u00e4r kunden kan f\u00e5 testa sina klubbor, s\u00e4ger P\u00e4r.<\/p>\n<p>\u2013 Handp\u00e5l\u00e4ggningen, precisa hj\u00e4lpen och det lilla extra \u00e4r s\u00e5dant som du aldrig f\u00e5r p\u00e5 n\u00e4tet, s\u00e4ger Erik i samma veva.\u00a0<\/p>\n<p><img decoding=\"async\" style=\"width: 100%; aspect-ratio: 16 \/ 9 auto;\" src=\"https:\/\/www.europesays.com\/se\/wp-content\/uploads\/2025\/12\/efac5e77-0fae-4be9-a39c-31122b2fee63\" alt=\"P\u00e5 Team Sportia kan du testa klubborna tillsammans med P\u00e4r och butikens golfsimulator.\" class=\"\" loading=\"lazy\" fetchpriority=\"auto\"\/><\/p>\n<p>P\u00e5 Team Sportia kan du testa klubborna tillsammans med P\u00e4r och butikens golfsimulator.<\/p>\n<p>Foto: Team Sportia Skellefte\u00e5<\/p>\n<p>I en tid d\u00e4r slit och sl\u00e4ng blivit allt vanligare st\u00e5r Team Sportia f\u00f6r n\u00e5got annat. H\u00e4r kan kunderna \u00e5teruppliva sin utrustning.<\/p>\n<p>\u2013 Vi kollar ofta om deras gamla grejer \u00e4r okej och beh\u00f6ver kunden inte k\u00f6pa nytt s\u00e5 f\u00e5r han eller hon veta det. F\u00f6r oss \u00e4r det viktiga att kunden \u00e4r n\u00f6jd snarare \u00e4n att bara s\u00e4lja f\u00f6r att s\u00e4lja, s\u00e4ger Anton.<\/p>\n<p><a href=\"https:\/\/www.teamsportia.se\/produkt\/skigo-race-pro-100-langdstavar\/\" rel=\"sponsored noopener noreferrer nofollow\" target=\"_blank\" title=\"L\u00e4nken \u00f6ppnas i en ny flik\">Just nu: SkigoRace Pro 100 L\u00e4ngdstavar f\u00f6r 999 kr (tidigare 1 699 kr)<\/a><\/p>\n<p><img decoding=\"async\" style=\"width: 100%; aspect-ratio: 16 \/ 9 auto;\" src=\"https:\/\/www.europesays.com\/se\/wp-content\/uploads\/2025\/12\/dcff6d36-e1ad-4dde-a46a-8e5ad1768d1a\" alt=\"M\u00e4ta och prova \u2013 h\u00e4r f\u00e5r kunden r\u00e4tt f\u00f6ruts\u00e4ttningar.\" class=\"\" loading=\"lazy\" fetchpriority=\"auto\"\/><\/p>\n<p>M\u00e4ta och prova \u2013 h\u00e4r f\u00e5r kunden r\u00e4tt f\u00f6ruts\u00e4ttningar.<\/p>\n<p>Foto: Team Sportia Skellefte\u00e5<\/p>\n<p><strong>\u201dLika kul varje g\u00e5ng\u201d<\/strong><br \/>Gemensamt f\u00f6r trion \u00e4r att samtliga brinner f\u00f6r sport och Erik ber\u00e4ttar att det \u00e4r extra kul n\u00e4r han tr\u00e4ffar kunder utanf\u00f6r butiken som varit glada \u00f6ver sina investeringar.<\/p>\n<p>\u2013 Det absolut b\u00e4sta \u00e4r n\u00e4r du s\u00e5lt skidor till en kund och kanske tr\u00e4ffas ute i sp\u00e5ren \u2013 d\u00e4r personen k\u00e4nner igen mig och ber\u00e4ttar hur n\u00f6jda de \u00e4r med sina nya skidor. Det h\u00e4nder emellan\u00e5t och \u00e4r lika kul varje g\u00e5ng, s\u00e4ger han.\u00a0<\/p>\n<p><a href=\"https:\/\/www.teamsportia.se\/produkt\/alpina-tcl-s-langdpjaxor\/\" rel=\"sponsored noopener noreferrer nofollow\" target=\"_blank\" title=\"L\u00e4nken \u00f6ppnas i en ny flik\">L\u00e4ngdpj\u00e4xor fr\u00e5n Alpina TCLS<\/a> \u2013 nu f\u00f6r 1 399 kr (bara p\u00e5 Team Sportia i Skellefte\u00e5)<\/p>\n<p><img decoding=\"async\" style=\"width: 100%; aspect-ratio: 16 \/ 9 auto;\" src=\"https:\/\/www.europesays.com\/se\/wp-content\/uploads\/2025\/12\/99fd33ba-4c18-4ec6-aa3e-bdc4d6f67936\" alt=\"Butiken har nischat sig mot skidor, cyklar, golf och skor.\" class=\"\" loading=\"lazy\" fetchpriority=\"auto\"\/><\/p>\n<p>Butiken har nischat sig mot skidor, cyklar, golf och skor.<\/p>\n<p>Foto: Team Sportia Skellefte\u00e5<\/p>\n","protected":false},"excerpt":{"rendered":"Team Sportia \u00e4r tillbaka i Skellefte\u00e5. Den 14 november \u00f6ppnade nya butiken p\u00e5 Gymnasiev\u00e4gen 14 och f\u00f6r del\u00e4garna&hellip;\n","protected":false},"author":2,"featured_media":117042,"comment_status":"","ping_status":"","sticky":false,"template":"","format":"standard","meta":{"footnotes":""},"categories":[65],"tags":[72,70,71,34,31,33,32,30],"class_list":{"0":"post-117041","1":"post","2":"type-post","3":"status-publish","4":"format-standard","5":"has-post-thumbnail","7":"category-ekonomi","8":"tag-business","9":"tag-economy","10":"tag-ekonomi","11":"tag-se","12":"tag-svenska","13":"tag-sverige","14":"tag-sweden","15":"tag-swedish"},"share_on_mastodon":{"url":"https:\/\/pubeurope.com\/@se\/115783690439000098","error":""},"_links":{"self":[{"href":"https:\/\/www.europesays.com\/se\/wp-json\/wp\/v2\/posts\/117041","targetHints":{"allow":["GET"]}}],"collection":[{"href":"https:\/\/www.europesays.com\/se\/wp-json\/wp\/v2\/posts"}],"about":[{"href":"https:\/\/www.europesays.com\/se\/wp-json\/wp\/v2\/types\/post"}],"author":[{"embeddable":true,"href":"https:\/\/www.europesays.com\/se\/wp-json\/wp\/v2\/users\/2"}],"replies":[{"embeddable":true,"href":"https:\/\/www.europesays.com\/se\/wp-json\/wp\/v2\/comments?post=117041"}],"version-history":[{"count":0,"href":"https:\/\/www.europesays.com\/se\/wp-json\/wp\/v2\/posts\/117041\/revisions"}],"wp:featuredmedia":[{"embeddable":true,"href":"https:\/\/www.europesays.com\/se\/wp-json\/wp\/v2\/media\/117042"}],"wp:attachment":[{"href":"https:\/\/www.europesays.com\/se\/wp-json\/wp\/v2\/media?parent=117041"}],"wp:term":[{"taxonomy":"category","embeddable":true,"href":"https:\/\/www.europesays.com\/se\/wp-json\/wp\/v2\/categories?post=117041"},{"taxonomy":"post_tag","embeddable":true,"href":"https:\/\/www.europesays.com\/se\/wp-json\/wp\/v2\/tags?post=117041"}],"curies":[{"name":"wp","href":"https:\/\/api.w.org\/{rel}","templated":true}]}}