{"id":117055,"date":"2025-12-26T04:18:25","date_gmt":"2025-12-26T04:18:25","guid":{"rendered":"https:\/\/www.europesays.com\/se\/117055\/"},"modified":"2025-12-26T04:18:25","modified_gmt":"2025-12-26T04:18:25","slug":"svensk-domd-i-ryssland-har-stridit-for-ukraina-2","status":"publish","type":"post","link":"https:\/\/www.europesays.com\/se\/117055\/","title":{"rendered":"Svensk d\u00f6md i Ryssland \u2013 har stridit f\u00f6r Ukraina"},"content":{"rendered":"<p>Mannen, som \u00e4r i 50-\u00e5rs\u00e5ldern, d\u00f6ms i sin fr\u00e5nvaro till sju \u00e5rs f\u00e4ngelse och tjugo \u00e5r p\u00e5 straffkoloni. Ryska myndigheter har efterlyst mannen internationellt.Han d\u00f6ms \u00e4ven f\u00f6r att ha smugglat skjutvapen och ammunition samt f\u00f6r att ha deltagit i en v\u00e4pnad konflikt mot ryska styrkor, enligt den ryska tidningen Kommersant.Tidigare har en svensk man d\u00f6mts till 23 \u00e5rs f\u00e4ng<\/p>\n","protected":false},"excerpt":{"rendered":"Mannen, som \u00e4r i 50-\u00e5rs\u00e5ldern, d\u00f6ms i sin fr\u00e5nvaro till sju \u00e5rs f\u00e4ngelse och tjugo \u00e5r p\u00e5 straffkoloni.&hellip;\n","protected":false},"author":2,"featured_media":116970,"comment_status":"","ping_status":"","sticky":false,"template":"","format":"standard","meta":{"footnotes":""},"categories":[14],"tags":[22,23,26,27,17,21,24,25,28,29,15,16,18,34,31,33,32,30,19,20,51,52,53,54],"class_list":{"0":"post-117055","1":"post","2":"type-post","3":"status-publish","4":"format-standard","5":"has-post-thumbnail","7":"category-varlden","8":"tag-breaking-news","9":"tag-breakingnews","10":"tag-featured-news","11":"tag-featurednews","12":"tag-headlines","13":"tag-huvudnyheter","14":"tag-latest-news","15":"tag-latestnews","16":"tag-main-news","17":"tag-mainnews","18":"tag-news","19":"tag-nyheter","20":"tag-rubriker","21":"tag-se","22":"tag-svenska","23":"tag-sverige","24":"tag-sweden","25":"tag-swedish","26":"tag-top-stories","27":"tag-topstories","28":"tag-varlden","29":"tag-world","30":"tag-world-news","31":"tag-worldnews"},"share_on_mastodon":{"url":"https:\/\/pubeurope.com\/@se\/115783945660856979","error":""},"_links":{"self":[{"href":"https:\/\/www.europesays.com\/se\/wp-json\/wp\/v2\/posts\/117055","targetHints":{"allow":["GET"]}}],"collection":[{"href":"https:\/\/www.europesays.com\/se\/wp-json\/wp\/v2\/posts"}],"about":[{"href":"https:\/\/www.europesays.com\/se\/wp-json\/wp\/v2\/types\/post"}],"author":[{"embeddable":true,"href":"https:\/\/www.europesays.com\/se\/wp-json\/wp\/v2\/users\/2"}],"replies":[{"embeddable":true,"href":"https:\/\/www.europesays.com\/se\/wp-json\/wp\/v2\/comments?post=117055"}],"version-history":[{"count":0,"href":"https:\/\/www.europesays.com\/se\/wp-json\/wp\/v2\/posts\/117055\/revisions"}],"wp:featuredmedia":[{"embeddable":true,"href":"https:\/\/www.europesays.com\/se\/wp-json\/wp\/v2\/media\/116970"}],"wp:attachment":[{"href":"https:\/\/www.europesays.com\/se\/wp-json\/wp\/v2\/media?parent=117055"}],"wp:term":[{"taxonomy":"category","embeddable":true,"href":"https:\/\/www.europesays.com\/se\/wp-json\/wp\/v2\/categories?post=117055"},{"taxonomy":"post_tag","embeddable":true,"href":"https:\/\/www.europesays.com\/se\/wp-json\/wp\/v2\/tags?post=117055"}],"curies":[{"name":"wp","href":"https:\/\/api.w.org\/{rel}","templated":true}]}}