{"id":117056,"date":"2025-12-26T04:23:12","date_gmt":"2025-12-26T04:23:12","guid":{"rendered":"https:\/\/www.europesays.com\/se\/117056\/"},"modified":"2025-12-26T04:23:12","modified_gmt":"2025-12-26T04:23:12","slug":"recension-agt-av-alva-hedlund","status":"publish","type":"post","link":"https:\/\/www.europesays.com\/se\/117056\/","title":{"rendered":"Recension: \u201d\u00c4gt\u201d av Alva Hedlund"},"content":{"rendered":"<p>Publicerad 26 dec 2025 kl 05.00<\/p>\n<p>Alva Hedlunds abstrakta debutbok \u201d\u00c4gt\u201d signalerar \u00e4tande, \u00e4lskande och \u201dgurlesk\u201d.\u00a0<\/p>\n<p>Paul Enequist tycker hon \u00e4r som b\u00e4st n\u00e4r dikten p\u00e5minner om Gunnar Bj\u00f6rling.\u00a0<\/p>\n<p><img   alt=\"\"\/><\/p>\n<p>\u201d\u00c4gt\u201d \u00e4r Alva Hedlunds debutbok.<\/p>\n<p>Foto: M\u00e4rta Thisner \/ Albert Bonniers<\/p>\n<p>\u00d6ppna bild i helsk\u00e4rm<img loading=\"lazy\"   alt=\"\"\/><\/p>\n<p>Paul Enequist \u00e4r litteraturkritiker.<\/p>\n<p>Foto: Privat<\/p>\n<p>\u00d6ppna bild i helsk\u00e4rm<\/p>\n<p><strong>RECENSION. <\/strong>Omslaget \u00e4r rosa, pryds av ett par lodr\u00e4ta l\u00e4ppar, som ett kvinnok\u00f6n. P\u00e5 bokens baksida citeras en av dikterna: \u201djag vill inte \u00e4lska \/ dig, jag vill \u00e4ta\u201d. \u00c4tande, \u00e4lskande och \u201dgurlesque\u201d \u00e4r vad som signaleras.\u00a0<\/p>\n<p>Och visst, kroppsliga ord som \u201dhand\u201d, \u201d\u00e4ta\u201d och \u201dkn\u00e5da\u201d upptar en statistiskt signifikant del av den f\u00e5ordiga diktsamlingen. Men sammanhanget \u00e4r snarare abstrakt \u00e4n k\u00f6ttigt. Det centrala temat \u00e4r individualismen. Kroppen \u00e4r n\u00e5got som skiljer oss fr\u00e5n varandra: \u201dkroppen \/ det var det lilla \/ skadest\u00e5ndet \/ och skammen\u201d.\u00a0<\/p>\n<p><img loading=\"lazy\"   alt=\"\"\/>\u00d6ppna bild i helsk\u00e4rm<\/p>\n<p>En debutant kan kosta p\u00e5 sig att vilja f\u00f6r mycket, att som en fyrverkeripj\u00e4s sikta mot stj\u00e4rnorna f\u00f6r att sedan sluta i lite f\u00e4rggrann konfetti. Att f\u00e5 ihop spr\u00e4ng\u00e4mnena till n\u00e5got enhetligt kan komma senare. \u201d\u00c4gt\u201d \u00e4r tyv\u00e4rr inte en s\u00e5dan debut. Jag f\u00e5r k\u00e4nslan av att dikterna stelnat f\u00f6r tidigt. Det \u00e4r f\u00f6r medg\u00f6rligt. Ta detta med individualismen \u2013 om den verkligen sattes p\u00e5 spel, skulle inte det kr\u00e4va en f\u00f6rvandling av spr\u00e5ket? En poesi som \u00e4r intresserad av att utmana det r\u00e5dande borde s\u00f6ka efter nya, mer experimentella uttryckss\u00e4tt.\u00a0<\/p>\n<p>Det konventionella spr\u00e5kbruket f\u00e5r dikterna att emellan\u00e5t likna f\u00f6rt\u00e4ckt prosa: \u201dn\u00e4r blir den vit n\u00e4r du blir bl\u00e5 hur kan \/ \u00e4r du ung gillar du pengar\u201d. Man kan l\u00e4sa det som en slags surrealistisk automatskrift, men det g\u00f6r nog ingen gladare.<\/p>\n<blockquote><p>Tankarna g\u00e5r till Gunnar Bj\u00f6rlings poesi.<\/p><\/blockquote>\n<p>Det finns \u00e4ven s\u00e5dant som Hedlund g\u00f6r bra. Min favoritdikt lyder: \u201dvi m\u00e5ste inte. vi som \/ skulle vara i varandra. vi var \/ vi var i en och en annan och \/ vi alla har varit tillsammans\u201d. Den kollektivitet som dikten l\u00e4ngtar efter l\u00e5ter sig inte f\u00f6rmedlas. Tankarna g\u00e5r till <strong>Gunnar Bj\u00f6rlings<\/strong> poesi. Konsekvent blir \u201dvi\u201d en obetonad stavelse, vilket f\u00e5r \u201dvi:et\u201d att tr\u00e4da i bakgrunden, likt en given utg\u00e5ngspunkt. Som samtidigt inte lyckas bli grund f\u00f6r ett helt spr\u00e5k eller ens en hel mening.\u00a0<\/p>\n<p>Jag ser fram emot att se Hedlund ta ut sv\u00e4ngarna mer i n\u00e4sta diktsamling.<\/p>\n<p>LYRIK<\/p>\n<p>ALVA HEDLUND<\/p>\n<p>\u00c4gt<\/p>\n<p>Albert Bonniers, 85 s.<\/p>\n<p>Visa mer<\/p>\n<p><strong>Av Paul Enequist<\/strong><\/p>\n<p>Paul Enequist \u00e4r litteraturkritiker.<\/p>\n","protected":false},"excerpt":{"rendered":"Publicerad 26 dec 2025 kl 05.00 Alva Hedlunds abstrakta debutbok \u201d\u00c4gt\u201d signalerar \u00e4tande, \u00e4lskande och \u201dgurlesk\u201d.\u00a0 Paul Enequist&hellip;\n","protected":false},"author":2,"featured_media":117057,"comment_status":"","ping_status":"","sticky":false,"template":"","format":"standard","meta":{"footnotes":""},"categories":[67],"tags":[104,3755,34,438,31,33,32,30,1515,105],"class_list":{"0":"post-117056","1":"post","2":"type-post","3":"status-publish","4":"format-standard","5":"has-post-thumbnail","7":"category-underhallning","8":"tag-entertainment","9":"tag-organization-expressen-kultur","10":"tag-se","11":"tag-sections-bocker","12":"tag-svenska","13":"tag-sverige","14":"tag-sweden","15":"tag-swedish","16":"tag-topic-bokrecensioner","17":"tag-underhallning"},"share_on_mastodon":{"url":"https:\/\/pubeurope.com\/@se\/115783965299153589","error":""},"_links":{"self":[{"href":"https:\/\/www.europesays.com\/se\/wp-json\/wp\/v2\/posts\/117056","targetHints":{"allow":["GET"]}}],"collection":[{"href":"https:\/\/www.europesays.com\/se\/wp-json\/wp\/v2\/posts"}],"about":[{"href":"https:\/\/www.europesays.com\/se\/wp-json\/wp\/v2\/types\/post"}],"author":[{"embeddable":true,"href":"https:\/\/www.europesays.com\/se\/wp-json\/wp\/v2\/users\/2"}],"replies":[{"embeddable":true,"href":"https:\/\/www.europesays.com\/se\/wp-json\/wp\/v2\/comments?post=117056"}],"version-history":[{"count":0,"href":"https:\/\/www.europesays.com\/se\/wp-json\/wp\/v2\/posts\/117056\/revisions"}],"wp:featuredmedia":[{"embeddable":true,"href":"https:\/\/www.europesays.com\/se\/wp-json\/wp\/v2\/media\/117057"}],"wp:attachment":[{"href":"https:\/\/www.europesays.com\/se\/wp-json\/wp\/v2\/media?parent=117056"}],"wp:term":[{"taxonomy":"category","embeddable":true,"href":"https:\/\/www.europesays.com\/se\/wp-json\/wp\/v2\/categories?post=117056"},{"taxonomy":"post_tag","embeddable":true,"href":"https:\/\/www.europesays.com\/se\/wp-json\/wp\/v2\/tags?post=117056"}],"curies":[{"name":"wp","href":"https:\/\/api.w.org\/{rel}","templated":true}]}}