{"id":117060,"date":"2025-12-26T04:26:26","date_gmt":"2025-12-26T04:26:26","guid":{"rendered":"https:\/\/www.europesays.com\/se\/117060\/"},"modified":"2025-12-26T04:26:26","modified_gmt":"2025-12-26T04:26:26","slug":"ny-upptackt-bisarr-varelse-utmanar-vara-forestallningar-om-intelligens","status":"publish","type":"post","link":"https:\/\/www.europesays.com\/se\/117060\/","title":{"rendered":"Ny uppt\u00e4ckt: Bisarr varelse utmanar v\u00e5ra f\u00f6rest\u00e4llningar om intelligens"},"content":{"rendered":"<p>Hj\u00e4rnor f\u00f6rekommer i otaliga former i naturen \u2013 och vissa \u00e4r placerade n\u00e5gon helt annanstans \u00e4n vi f\u00f6rv\u00e4ntat oss.<\/p>\n<p>Bl\u00e4ckfiskar har exempelvis ett komplext nervsystem med en central hj\u00e4rna, men \u00e4ven &#8221;minihj\u00e4rnor&#8221; i varje arm, vilket g\u00f6r dem n\u00e4stan autonoma.<\/p>\n<p>Hos sj\u00f6stj\u00e4rnor har hj\u00e4rnan ersatte av ett nervringsystem, medan maneter inte har n\u00e5gon hj\u00e4rna alls, utan styrs av nervknutar l\u00e4ngs kroppen.<\/p>\n<p>De olika hj\u00e4rnorna och typerna av intelligens utmanar v\u00e5r f\u00f6rest\u00e4llning om intelligens och nu har forskare uppt\u00e4ckt en bisarr varelse, med en ytterst m\u00e4rklig intelligens.<\/p>\n","protected":false},"excerpt":{"rendered":"Hj\u00e4rnor f\u00f6rekommer i otaliga former i naturen \u2013 och vissa \u00e4r placerade n\u00e5gon helt annanstans \u00e4n vi f\u00f6rv\u00e4ntat&hellip;\n","protected":false},"author":2,"featured_media":117061,"comment_status":"","ping_status":"","sticky":false,"template":"","format":"standard","meta":{"footnotes":""},"categories":[14],"tags":[22,23,26,27,17,21,24,25,28,29,15,16,18,34,31,33,32,30,19,20,51,52,53,54],"class_list":{"0":"post-117060","1":"post","2":"type-post","3":"status-publish","4":"format-standard","5":"has-post-thumbnail","7":"category-varlden","8":"tag-breaking-news","9":"tag-breakingnews","10":"tag-featured-news","11":"tag-featurednews","12":"tag-headlines","13":"tag-huvudnyheter","14":"tag-latest-news","15":"tag-latestnews","16":"tag-main-news","17":"tag-mainnews","18":"tag-news","19":"tag-nyheter","20":"tag-rubriker","21":"tag-se","22":"tag-svenska","23":"tag-sverige","24":"tag-sweden","25":"tag-swedish","26":"tag-top-stories","27":"tag-topstories","28":"tag-varlden","29":"tag-world","30":"tag-world-news","31":"tag-worldnews"},"share_on_mastodon":{"url":"https:\/\/pubeurope.com\/@se\/115783977049350392","error":""},"_links":{"self":[{"href":"https:\/\/www.europesays.com\/se\/wp-json\/wp\/v2\/posts\/117060","targetHints":{"allow":["GET"]}}],"collection":[{"href":"https:\/\/www.europesays.com\/se\/wp-json\/wp\/v2\/posts"}],"about":[{"href":"https:\/\/www.europesays.com\/se\/wp-json\/wp\/v2\/types\/post"}],"author":[{"embeddable":true,"href":"https:\/\/www.europesays.com\/se\/wp-json\/wp\/v2\/users\/2"}],"replies":[{"embeddable":true,"href":"https:\/\/www.europesays.com\/se\/wp-json\/wp\/v2\/comments?post=117060"}],"version-history":[{"count":0,"href":"https:\/\/www.europesays.com\/se\/wp-json\/wp\/v2\/posts\/117060\/revisions"}],"wp:featuredmedia":[{"embeddable":true,"href":"https:\/\/www.europesays.com\/se\/wp-json\/wp\/v2\/media\/117061"}],"wp:attachment":[{"href":"https:\/\/www.europesays.com\/se\/wp-json\/wp\/v2\/media?parent=117060"}],"wp:term":[{"taxonomy":"category","embeddable":true,"href":"https:\/\/www.europesays.com\/se\/wp-json\/wp\/v2\/categories?post=117060"},{"taxonomy":"post_tag","embeddable":true,"href":"https:\/\/www.europesays.com\/se\/wp-json\/wp\/v2\/tags?post=117060"}],"curies":[{"name":"wp","href":"https:\/\/api.w.org\/{rel}","templated":true}]}}