{"id":117062,"date":"2025-12-26T04:31:24","date_gmt":"2025-12-26T04:31:24","guid":{"rendered":"https:\/\/www.europesays.com\/se\/117062\/"},"modified":"2025-12-26T04:31:24","modified_gmt":"2025-12-26T04:31:24","slug":"no-other-choice-biofilm-recension","status":"publish","type":"post","link":"https:\/\/www.europesays.com\/se\/117062\/","title":{"rendered":"No other choice \u2013 biofilm, recension"},"content":{"rendered":"<p>\u00c5l \u00e4r, f\u00e5r vi f\u00f6rmoda, ett l\u00e4ckert livsmedel med stor prestige i Sydkorea. F\u00e5r man sig en f\u00f6rpackning med exklusiv \u00e5l tillskickad av sin arbetsgivare, d\u00e5 finns det anledning att se sig som en h\u00f6gt uppskattad och bekr\u00e4ftad medarbetare, v\u00e4l ansedd och trygg i sin position. Men den senkapitalistiska arbetsmarknaden \u00e4r, som det ska visa sig i \u201dNo other choice\u201d, nyckfull och h\u00e5rd.<\/p>\n<p>En familjefar vid namn Man-soo (Lee Byung-hun) njuter av sina framg\u00e5ngar som n\u00e5gon sorts chefsperson p\u00e5 en stor pappersfabrik. Han bor i flott villa med sin hustru och tv\u00e5 barn. Familjen h\u00e5ller sig med hundar och missunnar sig just ingenting av livets goda. Man-soo har, konstaterar han sj\u00e4lv f\u00f6rn\u00f6jsamt, allt. F\u00f6r tillf\u00e4llet.<\/p>\n","protected":false},"excerpt":{"rendered":"\u00c5l \u00e4r, f\u00e5r vi f\u00f6rmoda, ett l\u00e4ckert livsmedel med stor prestige i Sydkorea. F\u00e5r man sig en f\u00f6rpackning&hellip;\n","protected":false},"author":2,"featured_media":117063,"comment_status":"","ping_status":"","sticky":false,"template":"","format":"standard","meta":{"footnotes":""},"categories":[67],"tags":[104,34,31,33,32,30,105],"class_list":{"0":"post-117062","1":"post","2":"type-post","3":"status-publish","4":"format-standard","5":"has-post-thumbnail","7":"category-underhallning","8":"tag-entertainment","9":"tag-se","10":"tag-svenska","11":"tag-sverige","12":"tag-sweden","13":"tag-swedish","14":"tag-underhallning"},"share_on_mastodon":{"url":"https:\/\/pubeurope.com\/@se\/115783996804373390","error":""},"_links":{"self":[{"href":"https:\/\/www.europesays.com\/se\/wp-json\/wp\/v2\/posts\/117062","targetHints":{"allow":["GET"]}}],"collection":[{"href":"https:\/\/www.europesays.com\/se\/wp-json\/wp\/v2\/posts"}],"about":[{"href":"https:\/\/www.europesays.com\/se\/wp-json\/wp\/v2\/types\/post"}],"author":[{"embeddable":true,"href":"https:\/\/www.europesays.com\/se\/wp-json\/wp\/v2\/users\/2"}],"replies":[{"embeddable":true,"href":"https:\/\/www.europesays.com\/se\/wp-json\/wp\/v2\/comments?post=117062"}],"version-history":[{"count":0,"href":"https:\/\/www.europesays.com\/se\/wp-json\/wp\/v2\/posts\/117062\/revisions"}],"wp:featuredmedia":[{"embeddable":true,"href":"https:\/\/www.europesays.com\/se\/wp-json\/wp\/v2\/media\/117063"}],"wp:attachment":[{"href":"https:\/\/www.europesays.com\/se\/wp-json\/wp\/v2\/media?parent=117062"}],"wp:term":[{"taxonomy":"category","embeddable":true,"href":"https:\/\/www.europesays.com\/se\/wp-json\/wp\/v2\/categories?post=117062"},{"taxonomy":"post_tag","embeddable":true,"href":"https:\/\/www.europesays.com\/se\/wp-json\/wp\/v2\/tags?post=117062"}],"curies":[{"name":"wp","href":"https:\/\/api.w.org\/{rel}","templated":true}]}}