{"id":117074,"date":"2025-12-26T05:11:18","date_gmt":"2025-12-26T05:11:18","guid":{"rendered":"https:\/\/www.europesays.com\/se\/117074\/"},"modified":"2025-12-26T05:11:18","modified_gmt":"2025-12-26T05:11:18","slug":"paven-manade-till-bon-for-krigets-offer-i-jultal","status":"publish","type":"post","link":"https:\/\/www.europesays.com\/se\/117074\/","title":{"rendered":"P\u00e5ven manade till b\u00f6n f\u00f6r krigets offer i jultal"},"content":{"rendered":"<p>Inf\u00f6r de 26\u00a0000 \u00e5sk\u00e5dare som samlats p\u00e5 Petersplatsen i Rom f\u00f6rd\u00f6mde p\u00e5ven krigets meningsl\u00f6shet och tog upp den haltande fredsprocessen.<\/p>\n<p>\u2013 M\u00e5 de inblandade parterna, med st\u00f6d och engagemang fr\u00e5n det internationella samfundet, finna modet att inleda en uppriktig, direkt och respektfull dialog, sade p\u00e5ven och uppmanade folkmassan att be f\u00f6r krigets offer.<\/p>\n<p>\u2013 L\u00e5t oss be s\u00e4rskilt f\u00f6r det pl\u00e5gade folket i Ukraina, sade han.<\/p>\n<p>Tidigare under juldagen h\u00f6ll p\u00e5ven m\u00e4ssa och p\u00e5minde om de p\u00e5vra f\u00f6rh\u00e5llanden Jesus f\u00f6ddes i och drog en parallell till situationen i Gaza.<\/p>\n<p>\u2013 Hur kan vi inte t\u00e4nka p\u00e5 t\u00e4lten i Gaza, som i veckor utsatts f\u00f6r regn, vind och kyla, sade Leo XIV och tillade att inv\u00e5narna i omr\u00e5det \u201dinte har n\u00e5got kvar och har f\u00f6rlorat allt&#8221;.<\/p>\n","protected":false},"excerpt":{"rendered":"Inf\u00f6r de 26\u00a0000 \u00e5sk\u00e5dare som samlats p\u00e5 Petersplatsen i Rom f\u00f6rd\u00f6mde p\u00e5ven krigets meningsl\u00f6shet och tog upp den&hellip;\n","protected":false},"author":2,"featured_media":117075,"comment_status":"","ping_status":"","sticky":false,"template":"","format":"standard","meta":{"footnotes":""},"categories":[14],"tags":[22,23,26,27,17,21,24,25,28,29,15,16,18,34,31,33,32,30,19,20,51,52,53,54],"class_list":{"0":"post-117074","1":"post","2":"type-post","3":"status-publish","4":"format-standard","5":"has-post-thumbnail","7":"category-varlden","8":"tag-breaking-news","9":"tag-breakingnews","10":"tag-featured-news","11":"tag-featurednews","12":"tag-headlines","13":"tag-huvudnyheter","14":"tag-latest-news","15":"tag-latestnews","16":"tag-main-news","17":"tag-mainnews","18":"tag-news","19":"tag-nyheter","20":"tag-rubriker","21":"tag-se","22":"tag-svenska","23":"tag-sverige","24":"tag-sweden","25":"tag-swedish","26":"tag-top-stories","27":"tag-topstories","28":"tag-varlden","29":"tag-world","30":"tag-world-news","31":"tag-worldnews"},"share_on_mastodon":{"url":"https:\/\/pubeurope.com\/@se\/115784154008513130","error":""},"_links":{"self":[{"href":"https:\/\/www.europesays.com\/se\/wp-json\/wp\/v2\/posts\/117074","targetHints":{"allow":["GET"]}}],"collection":[{"href":"https:\/\/www.europesays.com\/se\/wp-json\/wp\/v2\/posts"}],"about":[{"href":"https:\/\/www.europesays.com\/se\/wp-json\/wp\/v2\/types\/post"}],"author":[{"embeddable":true,"href":"https:\/\/www.europesays.com\/se\/wp-json\/wp\/v2\/users\/2"}],"replies":[{"embeddable":true,"href":"https:\/\/www.europesays.com\/se\/wp-json\/wp\/v2\/comments?post=117074"}],"version-history":[{"count":0,"href":"https:\/\/www.europesays.com\/se\/wp-json\/wp\/v2\/posts\/117074\/revisions"}],"wp:featuredmedia":[{"embeddable":true,"href":"https:\/\/www.europesays.com\/se\/wp-json\/wp\/v2\/media\/117075"}],"wp:attachment":[{"href":"https:\/\/www.europesays.com\/se\/wp-json\/wp\/v2\/media?parent=117074"}],"wp:term":[{"taxonomy":"category","embeddable":true,"href":"https:\/\/www.europesays.com\/se\/wp-json\/wp\/v2\/categories?post=117074"},{"taxonomy":"post_tag","embeddable":true,"href":"https:\/\/www.europesays.com\/se\/wp-json\/wp\/v2\/tags?post=117074"}],"curies":[{"name":"wp","href":"https:\/\/api.w.org\/{rel}","templated":true}]}}