{"id":117076,"date":"2025-12-26T05:16:29","date_gmt":"2025-12-26T05:16:29","guid":{"rendered":"https:\/\/www.europesays.com\/se\/117076\/"},"modified":"2025-12-26T05:16:29","modified_gmt":"2025-12-26T05:16:29","slug":"streama-en-av-2025-ars-stora-actionrullar-idag-pa-prime-video","status":"publish","type":"post","link":"https:\/\/www.europesays.com\/se\/117076\/","title":{"rendered":"Streama en av 2025 \u00e5rs stora actionrullar &#8211; idag p\u00e5 Prime Video"},"content":{"rendered":"<p>\u201dBallerina\u201d, som sl\u00e4pps p\u00e5 Prime Video idag, s\u00e4tter Ana de Armas i centrum som Eve Macarro, en rysk ballerina som f\u00f6rvandlas till l\u00f6nnm\u00f6rdare f\u00f6r att h\u00e4mnas sin familj. Filmen utspelar sig mellan \u201dJohn Wick: Chapter 3 Parabellum\u201d och \u201dJohn Wick: Chapter 4\u201d och bygger vidare p\u00e5 det popul\u00e4ra \u201dJohn Wick\u201d-universumet, d\u00e4r Keanu Reeves \u00e5terigen dyker upp som ikoniske John Wick.<\/p>\n<p>\u201dJohn Wick\u201d-franchisen \u00e4r en av de st\u00f6rsta actionserierna under det senaste \u00e5rtiondet. F\u00e5r du inte nog av stilfull action och h\u00f6gt tempo \u00e4r detta en julpremi\u00e4r att h\u00e5lla utkik efter. <\/p>\n<p><strong>Ana<\/strong> <strong>de<\/strong> <strong>Armas<\/strong> tar huvudrollen och visar att hon kan b\u00e5de sl\u00e5ss och ta scenen hon har ju tidigare briljerat i actionroller som \u201dNo Time to Die\u201d och \u201dGhosted\u201d. I den nya spinoffen \u00e5terv\u00e4nder <strong>Keanu<\/strong> <strong>Reeves<\/strong> som den ikoniske John Wick, redo att g\u00f6ra det han g\u00f6r b\u00e4st: sl\u00e5ss, springa och se obrydd ut medan v\u00e4rlden exploderar. <strong>Lance<\/strong> <strong>Reddick<\/strong> spelar Charon, <strong>Norman<\/strong> <strong>Reedus<\/strong> syns som Pine och <strong>Catalina<\/strong> <strong>Sandino<\/strong> <strong>Moreno<\/strong> tar sig an rollen som Lena<\/p>\n<p>Regiss\u00f6ren <strong>Len Wiseman<\/strong> (\u201dUnderworld\u201d) har regisserat med manus av <strong>Shay Hatten<\/strong> (\u201dArmy of the Dead\u201d), och produktionen leds av bland andra <strong>Chad<\/strong> <strong>Stahelski<\/strong> och <strong>Basil<\/strong> <strong>Iwanyk<\/strong>, som varit med i de f\u00f6rsta fyra \u201dJohn Wick\u201d-filmerna, det finns potential till action s\u00e5 att s\u00e4ga.<\/p>\n<p>Det \u00e4r faktiskt inte f\u00f6rsta g\u00e5ngen \u201dJohn Wick\u201d ger sig in p\u00e5 spinoffs. Prequel-miniserien \u201dThe Continental\u201d, med <strong>Mel<\/strong> <strong>Gibson<\/strong> i huvudrollen, sl\u00e4pptes i september 2023.<\/p>\n<p>\u201dBallerina\u201d hittar du p\u00e5 Prime Video fr\u00e5n och med den 26 december.\u00a0<\/p>\n<p><img loading=\"lazy\" decoding=\"async\" alt=\"YouTube video\" width=\"480\" height=\"360\" data-pin-nopin=\"true\" nopin=\"nopin\" class=\"perfmatters-lazy\" src=\"https:\/\/www.europesays.com\/se\/wp-content\/uploads\/2025\/12\/1766726189_958_hqdefault.jpg\"\/><\/p>\n<p>L\u00e4s ocks\u00e5: <a href=\"https:\/\/www.moviezine.se\/nyheter\/fallout-bland-10-hojdpunkter-pa-prime-video-i-december-2025\" title=\"\u201dFallout\u201d bland 10 h\u00f6jdpunkter p\u00e5 Prime Video i december 2025\" class=\"underline-custom !font-montserrat !font-bold !underline-offset-4 !decoration-4 !decoration-moviezine-green !text-md\" rel=\"nofollow noopener\" target=\"_blank\">\u201dFallout\u201d bland 10 h\u00f6jdpunkter p\u00e5 Prime Video i december 2025<\/a><\/p>\n<p>L\u00e4s ocks\u00e5: <a href=\"https:\/\/www.moviezine.se\/nyheter\/bra-actionfilmer-2025\" title=\"10 actionfilmer som bl\u00e5ste mig ur stolen 2025\" class=\"underline-custom !font-montserrat !font-bold !underline-offset-4 !decoration-4 !decoration-moviezine-green !text-md\" rel=\"nofollow noopener\" target=\"_blank\">10 actionfilmer som bl\u00e5ste mig ur stolen 2025<\/a><\/p>\n","protected":false},"excerpt":{"rendered":"\u201dBallerina\u201d, som sl\u00e4pps p\u00e5 Prime Video idag, s\u00e4tter Ana de Armas i centrum som Eve Macarro, en rysk&hellip;\n","protected":false},"author":2,"featured_media":117077,"comment_status":"","ping_status":"","sticky":false,"template":"","format":"standard","meta":{"footnotes":""},"categories":[67],"tags":[2031,104,34,2032,31,33,32,30,105],"class_list":{"0":"post-117076","1":"post","2":"type-post","3":"status-publish","4":"format-standard","5":"has-post-thumbnail","7":"category-underhallning","8":"tag-amazon-prime-video","9":"tag-entertainment","10":"tag-se","11":"tag-streamingtips","12":"tag-svenska","13":"tag-sverige","14":"tag-sweden","15":"tag-swedish","16":"tag-underhallning"},"share_on_mastodon":{"url":"https:\/\/pubeurope.com\/@se\/115784173853957108","error":""},"_links":{"self":[{"href":"https:\/\/www.europesays.com\/se\/wp-json\/wp\/v2\/posts\/117076","targetHints":{"allow":["GET"]}}],"collection":[{"href":"https:\/\/www.europesays.com\/se\/wp-json\/wp\/v2\/posts"}],"about":[{"href":"https:\/\/www.europesays.com\/se\/wp-json\/wp\/v2\/types\/post"}],"author":[{"embeddable":true,"href":"https:\/\/www.europesays.com\/se\/wp-json\/wp\/v2\/users\/2"}],"replies":[{"embeddable":true,"href":"https:\/\/www.europesays.com\/se\/wp-json\/wp\/v2\/comments?post=117076"}],"version-history":[{"count":0,"href":"https:\/\/www.europesays.com\/se\/wp-json\/wp\/v2\/posts\/117076\/revisions"}],"wp:featuredmedia":[{"embeddable":true,"href":"https:\/\/www.europesays.com\/se\/wp-json\/wp\/v2\/media\/117077"}],"wp:attachment":[{"href":"https:\/\/www.europesays.com\/se\/wp-json\/wp\/v2\/media?parent=117076"}],"wp:term":[{"taxonomy":"category","embeddable":true,"href":"https:\/\/www.europesays.com\/se\/wp-json\/wp\/v2\/categories?post=117076"},{"taxonomy":"post_tag","embeddable":true,"href":"https:\/\/www.europesays.com\/se\/wp-json\/wp\/v2\/tags?post=117076"}],"curies":[{"name":"wp","href":"https:\/\/api.w.org\/{rel}","templated":true}]}}