{"id":117080,"date":"2025-12-26T05:19:28","date_gmt":"2025-12-26T05:19:28","guid":{"rendered":"https:\/\/www.europesays.com\/se\/117080\/"},"modified":"2025-12-26T05:19:28","modified_gmt":"2025-12-26T05:19:28","slug":"sverige-ar-fortfarande-varldsledande-pa-bistand","status":"publish","type":"post","link":"https:\/\/www.europesays.com\/se\/117080\/","title":{"rendered":"Sverige \u00e4r fortfarande v\u00e4rldsledande p\u00e5 bist\u00e5nd"},"content":{"rendered":"<p class=\"kicker tertiary color_mobile_tertiary\" style=\"\">Debatt | Bist\u00e5nd<\/p>\n<p>    Med begr\u00e4nsade resurser \u00e4r det n\u00f6dv\u00e4ndigt att prioritera, en insikt Milj\u00f6partiet tycks sakna, om man utg\u00e5r fr\u00e5n den budget partiet lagt, skriver Gudrun Bruneg\u00e5rd, KD, i en replik.<\/p>\n<p>\n        Regeringens reformagenda inneb\u00e4r bland annat att arbeta f\u00f6r att st\u00e4rka kvinnors och flickors frihet och egenmakt, till exempel att v\u00e5ga v\u00e4gra uts\u00e4ttas f\u00f6r k\u00f6nsstympning, skriver Gudrun Bruneg\u00e5rd. Bilden: Nyimasta Saidykhal och hennes dotter Mariana Camara har deltagit i ett informationsm\u00f6te om k\u00f6nsstympning, Gambia 2024.<br \/>\n        Annika Hammerschlag\n    <\/p>\n<p>        Detta \u00e4r ett debattinl\u00e4gg som uttrycker f\u00f6rfattarens egna \u00e5sikter. Tidningens linje framf\u00f6rs p\u00e5 <a href=\"https:\/\/www.dagen.se\/ledare\/\" data-lab-underline=\"underline\" class=\"underline primary color_mobile_primary\" data-lab-text_color_desktop=\"primary\" rel=\"nofollow noopener\" target=\"_blank\">ledarsidan<\/a>.<\/p>\n<p class=\"dropCap\">Isabella L\u00f6vin (MP) <a href=\"https:\/\/www.dagen.se\/debatt\/ensidigt-fokus-pa-militaer-upprustning-ocksa-ett-saekerhetshot\/10100183\" rel=\"nofollow noopener\" target=\"_blank\">skriver om bist\u00e5nd i en debattartikel i Dagen den 16 december<\/a>, ett samtal biskop Ulrica Fritzson forts\u00e4tter 21\/12. I flera avseenden delar vi bilden av de problem v\u00e5r v\u00e4rld st\u00e5r inf\u00f6r. F\u00f6r oss kristdemokrater str\u00e4cker sig ansvaret och solidariteten till v\u00e5ra medm\u00e4nniskor l\u00e5ngt utanf\u00f6r v\u00e5rt lands gr\u00e4nser. Vi st\u00e5r upp f\u00f6r ett starkt och gener\u00f6st bist\u00e5nd, vilket vi har varit garanten f\u00f6r under nuvarande regering. Bist\u00e5ndet ska lindra n\u00f6d, hantera kriser och bygga stabila samh\u00e4llen.<\/p>\n<p>        <a itemprop=\"url\" class=\"\" href=\"https:\/\/www.dagen.se\/om-dagen\/valkommen-till-dagen-debatt\/3853577\" data-k5a-url=\"https:\/\/www.dagen.se\/a\/3853577\" rel=\"nofollow noopener\" target=\"_blank\"><\/p>\n<p>            S\u00e5 skriver du <br class=\"newline newline-mobile\"\/>debattartiklar i Dagen<\/p>\n<p>        <\/a><\/p>\n<p>                \u00d6vriga inl\u00e4gg i debatten<\/p>\n<ul>\n<p class=\"lab-bodytext-line\">Den reformagenda som regeringen beslutade f\u00f6r tv\u00e5 \u00e5r sedan g\u00e4ller \u00e4ven framgent:<\/p>\n<li class=\"lab-bodytext-line\">\n<p class=\"lab-bodytext-line\">Fattigdomsbek\u00e4mpning genom jobbskapande, handel och utbildning \u2013 b\u00e5de grundl\u00e4ggande utbildning, inte minst f\u00f6r flickor, och yrkesutbildning.<\/p>\n<\/li>\n<li class=\"lab-bodytext-line\">\n<p class=\"lab-bodytext-line\">F\u00f6rb\u00e4ttrad h\u00e4lsa f\u00f6r de mest utsatta, f\u00f6rb\u00e4ttrad tillg\u00e5ng till vatten, sanitet och hygien, ansvarsfull anv\u00e4ndning av antibiotika, vaccinationer och andra s\u00e4tt att f\u00f6rebygga h\u00e4lsohot.<\/p>\n<\/li>\n<li class=\"lab-bodytext-line\">\n<p class=\"lab-bodytext-line\">Fr\u00e4mja frihet och bek\u00e4mpa f\u00f6rtryck. Demokrati \u00e4r avg\u00f6rande f\u00f6r fred, frihet och s\u00e4kerhet.<\/p>\n<\/li>\n<li class=\"lab-bodytext-line\">\n<p class=\"lab-bodytext-line\">Ut\u00f6kat och effektiviserat klimatbist\u00e5nd bidrar till minskade utsl\u00e4pp, fossilfri energiomst\u00e4llning och klimatanpassning.<\/p>\n<\/li>\n<li class=\"lab-bodytext-line\">\n<p class=\"lab-bodytext-line\">St\u00e4rka kvinnors och flickors frihet och egenmakt, till exempel att v\u00e5ga v\u00e4gra uts\u00e4ttas f\u00f6r k\u00f6nsstympning. Kvinnans arbetsinsats ska v\u00e4rderas och avl\u00f6nas. Hon ska sj\u00e4lv ha r\u00e4tt till inflytande och delaktighet och ska inte bli bortgift mot sin vilja.<\/p>\n<\/li>\n<\/ul>\n<p>            2026 landar niv\u00e5n omkring 0,74 procent av BNI, en fortsatt v\u00e4rldsledande niv\u00e5, som g\u00f6r Sverige till den fj\u00e4rde eller femte st\u00f6rsta bist\u00e5ndsgivaren per capita i hela v\u00e4rlden.<\/p>\n<ul>\n<li class=\"lab-bodytext-line\">St\u00e4rkta synergier mellan bist\u00e5nds- och migrationspolitiken. Det s\u00e4ger sig egentligen sj\u00e4lvt: I ett samh\u00e4lle d\u00e4r man har m\u00f6jlighet att utbilda och f\u00f6rs\u00f6rja sig, har tillg\u00e5ng till h\u00e4lso- och sjukv\u00e5rd, f\u00e5r uttrycka sin \u00e5sikt eller ut\u00f6va sin tro eller \u00f6vertygelse utan att bli f\u00f6rf\u00f6ljd eller f\u00f6rtryckt, d\u00e4r man inte beh\u00f6ver fly undan torkkatastrofer eller \u00f6versv\u00e4mningar \u2013 d\u00e4r finns f\u00f6ruts\u00e4ttningar att leva och utvecklas som m\u00e4nniska. Demokrati, m\u00e4nskliga r\u00e4ttigheter och r\u00e4ttsstatens principer medf\u00f6r en stabilitet som minskar konflikter inom landet och gentemot omgivningen. St\u00f6d till utvecklingen av s\u00e5dana samh\u00e4llen minskar grundorsakerna till att m\u00e4nniskor l\u00e4mnar hemlandet i s\u00f6kandet efter en b\u00e4ttre framtid. Framv\u00e4xten av stabila samh\u00e4llen \u00f6kar ocks\u00e5 drivkraften f\u00f6r flyktingar att \u00e5terv\u00e4nda till hemlandet.<\/li>\n<li class=\"lab-bodytext-line\">St\u00e4rkt humanit\u00e4rt st\u00f6d f\u00f6r att r\u00e4dda liv och lindra n\u00f6d \u00e4r ett m\u00e5l i sig. Det \u00e4r behovsbaserat och utg\u00e5r fr\u00e5n de humanit\u00e4ra principerna om humanitet, neutralitet, opartiskhet och oberoende samt internationell humanit\u00e4r r\u00e4tt.<\/li>\n<\/ul>\n<p>Sverige har l\u00e4nge varit ett av v\u00e4rldens ledande l\u00e4nder, g\u00e4llande andel av bruttonationalinkomst (BNI) till bist\u00e5nd, s\u00e5 \u00e4ven under denna regering. I en sv\u00e5r ekonomisk tid med krig i v\u00e5rt n\u00e4romr\u00e5de, stora f\u00f6rsvarsutgifter, omfattande st\u00f6d till Ukraina och l\u00e5gkonjunktur har minskningarna i bist\u00e5ndet stannat runt 5 procent. 2026 landar niv\u00e5n omkring 0,74 procent av BNI, en fortsatt v\u00e4rldsledande niv\u00e5, som g\u00f6r Sverige till den fj\u00e4rde eller femte st\u00f6rsta bist\u00e5ndsgivaren per capita i hela v\u00e4rlden. KD har h\u00e4rvid varit helt instrumentella. Det \u00e4r vi stolta \u00f6ver.<\/p>\n<p>Behoven i v\u00e4rlden \u00e4r gigantiska, men resurserna \u00e4r begr\u00e4nsade. Barn och kvinnor drabbas h\u00e5rdast av krig och katastrofer. Bist\u00e5ndet m\u00e5ste vara effektivt och tr\u00e4ffs\u00e4kert och medlen n\u00e5 fram. Bist\u00e5nd via civilsamh\u00e4llet har h\u00f6g effektivitet, genom l\u00e5ngsiktiga relationer till systerorganisationer i mottagarlandet, l\u00e5ga administrativa kostnader, korta beslutsv\u00e4gar och l\u00e5g korruptionsrisk.<\/p>\n<p>Samtidigt beh\u00f6ver givarbasen \u00f6ka. Fr\u00e5n \u00e5rsskiftet inf\u00f6rs ett skatteavdrag f\u00f6r juridiska personer med upp till 164 800 kronor i avdrag vid g\u00e5vor upp till 800 000 kronor per \u00e5r till ideella organisationer. M\u00e5nga f\u00f6retag, f\u00f6reningar och organisationer kan p\u00e5 s\u00e5 s\u00e4tt bidra med \u00f6kade medel till bist\u00e5nd.<\/p>\n<p>        <a itemprop=\"url\" class=\"\" href=\"https:\/\/www.dagen.se\/ledare\/simon-holst-hellre-en-profetisk-kyrka-aen-en-partipolitisk\/10114720\" data-k5a-url=\"https:\/\/www.dagen.se\/a\/10114720\" rel=\"nofollow noopener\" target=\"_blank\"><\/p>\n<p>            Simon Holst:<br \/>\nHellre en profetisk kyrka \u00e4n en partipolitisk<\/p>\n<p>        <\/a><\/p>\n<p>Ingen naturlag s\u00e4ger att allt f\u00f6rblir som det alltid har varit. Verkligheten f\u00f6r\u00e4ndras. Med begr\u00e4nsade resurser \u00e4r det n\u00f6dv\u00e4ndigt att prioritera, en insikt Milj\u00f6partiet tycks sakna, om man utg\u00e5r fr\u00e5n den budget partiet lagt. Deras reformutrymme p\u00e5 67 miljarder mer \u00e4n regeringen \u00e4r fantasisummor som inte ens V\u00e4nsterpartiet kommer n\u00e4ra.<\/p>\n<p>V\u00e5ra br\u00f6der och systrar i Ukraina, som k\u00e4mpar f\u00f6r hela Europas fred, frihet och sj\u00e4lvst\u00e4ndighet, beh\u00f6ver v\u00e5rt st\u00f6d. Nu g\u00f6rs omf\u00f6rdelningar inom bist\u00e5ndsramen f\u00f6r att frig\u00f6ra medel till att h\u00e5lla i g\u00e5ng skolor, h\u00e4lso- och sjukv\u00e5rd, rehabilitering och elf\u00f6rs\u00f6rjning f\u00f6r civilbefolkningen i Ukraina. De bilaterala bist\u00e5ndsavtalen med Mo\u00e7ambique, Zimbabwe, Tanzania, Liberia och Bolivia avvecklas, men civilsamh\u00e4llesorganisationer och multilaterala organisationer kan forts\u00e4tta verka d\u00e4r genom flera olika svenska bist\u00e5ndsstrategier. Civilsamh\u00e4llesst\u00f6det \u00e4r helt befriat fr\u00e5n besparingar, liksom anslagen f\u00f6r humanit\u00e4rt bist\u00e5nd, global h\u00e4lsa, kvinnors och flickors h\u00e4lsa samt \u201ddemokratimiljarden\u201d f\u00f6r demokrati och m\u00e4nskliga r\u00e4ttigheter.<\/p>\n<p>Kristdemokraterna tar allts\u00e5 fortsatt ansvar, b\u00e5de f\u00f6r v\u00e5ra br\u00f6der och systrar i syd och v\u00e5ra grannar i Ukraina, samtidigt som vi g\u00f6r tuffa men \u00e4rliga prioriteringar utifr\u00e5n verkligheten.<\/p>\n<p>        <a itemprop=\"url\" class=\"\" href=\"https:\/\/www.dagen.se\/nyheter\/sverige-slutar-stoetta-flera-stora-bistandslaender\/10095665\" data-k5a-url=\"https:\/\/www.dagen.se\/a\/10095665\" rel=\"nofollow noopener\" target=\"_blank\"><\/p>\n<p>            Sverige slutar st\u00f6tta flera stora bist\u00e5ndsl\u00e4nder<\/p>\n<p>        <\/a><\/p>\n","protected":false},"excerpt":{"rendered":"Debatt | Bist\u00e5nd Med begr\u00e4nsade resurser \u00e4r det n\u00f6dv\u00e4ndigt att prioritera, en insikt Milj\u00f6partiet tycks sakna, om man&hellip;\n","protected":false},"author":2,"featured_media":117081,"comment_status":"","ping_status":"","sticky":false,"template":"","format":"standard","meta":{"footnotes":""},"categories":[14],"tags":[22,23,26,27,17,21,24,25,28,29,15,16,18,34,31,33,32,30,19,20,51,52,53,54],"class_list":{"0":"post-117080","1":"post","2":"type-post","3":"status-publish","4":"format-standard","5":"has-post-thumbnail","7":"category-varlden","8":"tag-breaking-news","9":"tag-breakingnews","10":"tag-featured-news","11":"tag-featurednews","12":"tag-headlines","13":"tag-huvudnyheter","14":"tag-latest-news","15":"tag-latestnews","16":"tag-main-news","17":"tag-mainnews","18":"tag-news","19":"tag-nyheter","20":"tag-rubriker","21":"tag-se","22":"tag-svenska","23":"tag-sverige","24":"tag-sweden","25":"tag-swedish","26":"tag-top-stories","27":"tag-topstories","28":"tag-varlden","29":"tag-world","30":"tag-world-news","31":"tag-worldnews"},"share_on_mastodon":{"url":"https:\/\/pubeurope.com\/@se\/115784185470863436","error":""},"_links":{"self":[{"href":"https:\/\/www.europesays.com\/se\/wp-json\/wp\/v2\/posts\/117080","targetHints":{"allow":["GET"]}}],"collection":[{"href":"https:\/\/www.europesays.com\/se\/wp-json\/wp\/v2\/posts"}],"about":[{"href":"https:\/\/www.europesays.com\/se\/wp-json\/wp\/v2\/types\/post"}],"author":[{"embeddable":true,"href":"https:\/\/www.europesays.com\/se\/wp-json\/wp\/v2\/users\/2"}],"replies":[{"embeddable":true,"href":"https:\/\/www.europesays.com\/se\/wp-json\/wp\/v2\/comments?post=117080"}],"version-history":[{"count":0,"href":"https:\/\/www.europesays.com\/se\/wp-json\/wp\/v2\/posts\/117080\/revisions"}],"wp:featuredmedia":[{"embeddable":true,"href":"https:\/\/www.europesays.com\/se\/wp-json\/wp\/v2\/media\/117081"}],"wp:attachment":[{"href":"https:\/\/www.europesays.com\/se\/wp-json\/wp\/v2\/media?parent=117080"}],"wp:term":[{"taxonomy":"category","embeddable":true,"href":"https:\/\/www.europesays.com\/se\/wp-json\/wp\/v2\/categories?post=117080"},{"taxonomy":"post_tag","embeddable":true,"href":"https:\/\/www.europesays.com\/se\/wp-json\/wp\/v2\/tags?post=117080"}],"curies":[{"name":"wp","href":"https:\/\/api.w.org\/{rel}","templated":true}]}}