{"id":117088,"date":"2025-12-26T05:28:21","date_gmt":"2025-12-26T05:28:21","guid":{"rendered":"https:\/\/www.europesays.com\/se\/117088\/"},"modified":"2025-12-26T05:28:21","modified_gmt":"2025-12-26T05:28:21","slug":"kambodja-thailand-dodade-utrotningshotade-elefanter","status":"publish","type":"post","link":"https:\/\/www.europesays.com\/se\/117088\/","title":{"rendered":"Kambodja: Thailand d\u00f6dade utrotningshotade elefanter"},"content":{"rendered":"<p>Publicerad 25 dec 2025 kl 00.21Uppdaterad kl 05.52<\/p>\n<p>Tv\u00e5 utrotningshotade asiatiska elefanter i Kambodja har d\u00f6dats av thail\u00e4ndsk milit\u00e4r, h\u00e4vdar kambodjanska myndigheter.<\/p>\n<p>Elefanterna, en hona och hennes nyf\u00f6dda kalv, ska ha hittats n\u00e4ra den thail\u00e4ndska gr\u00e4nsen.<\/p>\n<p>Thailand och Kambodja befinner sig just nu i v\u00e4pnad konflikt med blodiga gr\u00e4nsstrider.<\/p>\n<p><img   alt=\"\"\/><\/p>\n<p>Tv\u00e5 d\u00f6da elefanter hittades i ett vattendrag i ett viltreservat i Kambodja.<\/p>\n<p>Foto: Kambodjas milj\u00f6departement<\/p>\n<p>\u00d6ppna bild i helsk\u00e4rm<img loading=\"lazy\"   alt=\"\"\/><\/p>\n<p>Skador efter en thail\u00e4ndsk bombattack mot staden Poipet i Kambodja tidigare i december.<\/p>\n<p>Foto: XINHUA \/ STELLA PICTURES<\/p>\n<p>\u00d6ppna bild i helsk\u00e4rmArtikeln i korthet<\/p>\n<p> Tv\u00e5 utrotningshotade asiatiska elefanter, en hona och hennes nyf\u00f6dda kalv, har hittats d\u00f6da i ett viltreservat i Kambodja n\u00e4ra gr\u00e4nsen till Thailand.<\/p>\n<p> Kambodjanska myndigheter uppger att elefanterna d\u00f6dades av splitter fr\u00e5n en thail\u00e4ndsk milit\u00e4r attack.<\/p>\n<p> Kambodja anklagar Thailand f\u00f6r att beskjuta \u00e4ven skyddade naturomr\u00e5den.<\/p>\n<p> L\u00e4nderna anklagar varandra f\u00f6r att ha brutit vapenvilan samtidigt som nya samtal planeras.<\/p>\n<p>Visa mer<\/p>\n<p>Tv\u00e5 d\u00f6da asiatiska elefanter hittades p\u00e5 m\u00e5ndagen i ett vattendrag i ett viltreservat i Kambodja n\u00e4ra gr\u00e4nsen till Thailand, <a href=\"https:\/\/www.khmertimeskh.com\/501814495\/two-elephants-killed-in-preah-vihear-by-thai-shelling\/\" rel=\"nofollow noopener\" target=\"_blank\">rapporterar Khmer Times<\/a> och andra kambodjanska medier.<\/p>\n<p>De b\u00e5da djuren, en hona och en kalv, d\u00f6dades av splitter under en thail\u00e4ndsk milit\u00e4r attack. Det skedde just n\u00e4r honan f\u00f6dde sin kalv, skriver medier med Kambodjas milj\u00f6departement som k\u00e4lla<\/p>\n<p>\u201dHittade honan och kalven d\u00f6da\u201d<\/p>\n<p>\u2013 Vi hittade tv\u00e5 fem centimeter stora s\u00e5r p\u00e5 elefanthonans kropp. Hon kan ha d\u00f6tt av ett sv\u00e5rt missfall vid det tillf\u00e4llet. Vi hittade b\u00e5de honan och kalven d\u00f6da i samma vattendrag. B\u00e5da kropparna hade stora s\u00e5r, s\u00e4ger Khvay Atitya, talesperson p\u00e5 Kambodjas milj\u00f6departement, till den kambodjanska <a href=\"https:\/\/kiripost.com\/stories\/mother-elephant-and-calf-killed-by-thai-attack-as-she-gave-birth\" rel=\"nofollow noopener\" target=\"_blank\">nyhetssajten Kiripost.<\/a><\/p>\n<p>Elefanterna hittades sedan milj\u00f6experter f\u00f6ljt blodsp\u00e5r de uppt\u00e4ckt i viltreservatet Preah Rokar-Chhap n\u00e4ra thail\u00e4ndska gr\u00e4nsen. Det finns ett 20-tal elefanter i omr\u00e5det.<\/p>\n<p>Enligt den officielle talespersonen skjuter <a href=\"https:\/\/www.expressen.se\/tagg\/location\/thailand\/\" class=\"\" rel=\"nofollow noopener\" target=\"_blank\">Thailand<\/a> med artilleri och flygbombar kambodjanskt territorium, ocks\u00e5 viltreservat.<\/p>\n<p>\u2013 Den h\u00e4r typen av thail\u00e4ndska milit\u00e4ra attacker strider mot internationell r\u00e4tt. De d\u00f6dar b\u00e5de vilda djur och skadar naturen. Vi ser hur vilda djur d\u00f6das under bombningarna, s\u00e4ger Khvay Atitya.<\/p>\n<p>Den asiatiska elefanten \u00e4r utrotningshotad, enligt Internationella naturv\u00e5rdsunionen (IUCN).<\/p>\n<p>F\u00f6rd\u00f6mer attacker<\/p>\n<p>Kambodjas milj\u00f6minister Eang Sophallet f\u00f6rd\u00f6mer Thailands attacker.<\/p>\n<p>\u2013 Invasionen och kr\u00e4nkningen av Kambodjas \u00f6verh\u00f6ghet strider mot internationell r\u00e4tt, som f\u00f6rbjuder attacker mot eller skador p\u00e5 milj\u00f6n eller skyddade omr\u00e5den, sade han p\u00e5 tisdagen.<\/p>\n<p>Representanter fr\u00e5n Thailand och Kambodja tr\u00e4ffas n\u00e4sta vecka f\u00f6r att diskutera en ny vapenvila \u2013 samtidigt som blodiga gr\u00e4nsstrider har p\u00e5g\u00e5tt i tre veckor, <a href=\"https:\/\/www.bbc.com\/news\/articles\/c5ydej888n9o\" rel=\"nofollow noopener\" target=\"_blank\">rapporterar BBC.<\/a> De b\u00e5da l\u00e4nderna skrev under ett avtal om eldupph\u00f6r i juli efter medling av USA:s president Donald Trump.<\/p>\n<p>Nya strider br\u00f6t ut i december och b\u00e5da l\u00e4nder anklagar varandra f\u00f6r att ha brutit vapenvilan.<\/p>\n<p><strong>L\u00c4S MER: <\/strong><a href=\"https:\/\/www.expressen.se\/nyheter\/varlden\/thailands-drag-gar-emot-trump\/\" class=\"\" rel=\"nofollow noopener\" target=\"_blank\">Thailands drag \u2013 g\u00e5r emot Trump<\/a><strong>L\u00c4S MER: <\/strong><a href=\"https:\/\/www.expressen.se\/nyheter\/varlden\/resebolag-staller-in-resor-till-thailand-efter-uds-avradan\/\" class=\"\" rel=\"nofollow noopener\" target=\"_blank\">Resebolag st\u00e4ller in resor till Thailand \u2013 efter UD:s avr\u00e5dan<\/a><strong>L\u00c4S MER: <\/strong><a href=\"https:\/\/www.expressen.se\/nyheter\/varlden\/thailand-tar-in-f-16-mot-kambodja\/\" class=\"\" rel=\"nofollow noopener\" target=\"_blank\">Flera d\u00f6da i strider mellan Thailand och Kambodja<\/a><\/p>\n","protected":false},"excerpt":{"rendered":"Publicerad 25 dec 2025 kl 00.21Uppdaterad kl 05.52 Tv\u00e5 utrotningshotade asiatiska elefanter i Kambodja har d\u00f6dats av thail\u00e4ndsk&hellip;\n","protected":false},"author":2,"featured_media":117089,"comment_status":"","ping_status":"","sticky":false,"template":"","format":"standard","meta":{"footnotes":""},"categories":[14],"tags":[22,23,26,27,17,21,24,25,208,207,28,29,15,16,18,34,55,31,33,32,30,19,60,20,51,52,53,54],"class_list":{"0":"post-117088","1":"post","2":"type-post","3":"status-publish","4":"format-standard","5":"has-post-thumbnail","7":"category-varlden","8":"tag-breaking-news","9":"tag-breakingnews","10":"tag-featured-news","11":"tag-featurednews","12":"tag-headlines","13":"tag-huvudnyheter","14":"tag-latest-news","15":"tag-latestnews","16":"tag-location-kambodja","17":"tag-location-thailand","18":"tag-main-news","19":"tag-mainnews","20":"tag-news","21":"tag-nyheter","22":"tag-rubriker","23":"tag-se","24":"tag-sections-varlden","25":"tag-svenska","26":"tag-sverige","27":"tag-sweden","28":"tag-swedish","29":"tag-top-stories","30":"tag-topic-krig-konflikt","31":"tag-topstories","32":"tag-varlden","33":"tag-world","34":"tag-world-news","35":"tag-worldnews"},"share_on_mastodon":{"url":"https:\/\/pubeurope.com\/@se\/115784220893233396","error":""},"_links":{"self":[{"href":"https:\/\/www.europesays.com\/se\/wp-json\/wp\/v2\/posts\/117088","targetHints":{"allow":["GET"]}}],"collection":[{"href":"https:\/\/www.europesays.com\/se\/wp-json\/wp\/v2\/posts"}],"about":[{"href":"https:\/\/www.europesays.com\/se\/wp-json\/wp\/v2\/types\/post"}],"author":[{"embeddable":true,"href":"https:\/\/www.europesays.com\/se\/wp-json\/wp\/v2\/users\/2"}],"replies":[{"embeddable":true,"href":"https:\/\/www.europesays.com\/se\/wp-json\/wp\/v2\/comments?post=117088"}],"version-history":[{"count":0,"href":"https:\/\/www.europesays.com\/se\/wp-json\/wp\/v2\/posts\/117088\/revisions"}],"wp:featuredmedia":[{"embeddable":true,"href":"https:\/\/www.europesays.com\/se\/wp-json\/wp\/v2\/media\/117089"}],"wp:attachment":[{"href":"https:\/\/www.europesays.com\/se\/wp-json\/wp\/v2\/media?parent=117088"}],"wp:term":[{"taxonomy":"category","embeddable":true,"href":"https:\/\/www.europesays.com\/se\/wp-json\/wp\/v2\/categories?post=117088"},{"taxonomy":"post_tag","embeddable":true,"href":"https:\/\/www.europesays.com\/se\/wp-json\/wp\/v2\/tags?post=117088"}],"curies":[{"name":"wp","href":"https:\/\/api.w.org\/{rel}","templated":true}]}}