{"id":117090,"date":"2025-12-26T05:29:07","date_gmt":"2025-12-26T05:29:07","guid":{"rendered":"https:\/\/www.europesays.com\/se\/117090\/"},"modified":"2025-12-26T05:29:07","modified_gmt":"2025-12-26T05:29:07","slug":"birgitta-ohlsson-oppnar-for-politisk-comeback","status":"publish","type":"post","link":"https:\/\/www.europesays.com\/se\/117090\/","title":{"rendered":"Birgitta Ohlsson \u00f6ppnar f\u00f6r politisk comeback"},"content":{"rendered":"<p>Den tidigare riksdagsledamoten Birgitta Ohlsson har en l\u00e4ngtan tillbaka till politiken, ber\u00e4ttar hon i SVT:s \u201dCarina Bergfeldt\u201d.<\/p>\n<p>\u2013 Jag k\u00e4nner att det kliar ganska mycket i fingrarna om jag ska vara helt \u00e4rlig. Och jag k\u00e4nner ocks\u00e5 viss oro, vi har ett val i Sverige n\u00e4sta \u00e5r.<\/p>\n<p>Ohlsson var riksdagsledamot f\u00f6r Folkpartiet\/Liberalerna i 16 \u00e5r. \u00c5r 2018 l\u00e4mnade hon politiken efter att ha f\u00f6rlorat partiledarstriden mot Jan Bj\u00f6rklund. De senaste \u00e5ren har hon varit sjuk i s\u00e5v\u00e4l br\u00f6stcancer som leukemi.<\/p>\n<p>Om Ohlsson \u00e5terv\u00e4nder till politiken l\u00e4r det inte bli till Liberalerna. I det senaste valet r\u00f6stade hon p\u00e5 Centern, ber\u00e4ttar hon i programmet.<\/p>\n<p>Omni \u00e4r politiskt obundna och oberoende. Vi str\u00e4var efter att ge fler perspektiv p\u00e5 nyheterna. Har du fr\u00e5gor eller synpunkter kring v\u00e5r rapportering? <a href=\"https:\/\/omni.se\/birgitta-ohlsson-oppnar-for-politisk-comeback\/a\/mailto:redaktion@omni.se\" class=\"ArticleActions_contactLink__W2F1M\" rel=\"nofollow noopener\" target=\"_blank\">Kontakta redaktionen<\/a><\/p>\n","protected":false},"excerpt":{"rendered":"Den tidigare riksdagsledamoten Birgitta Ohlsson har en l\u00e4ngtan tillbaka till politiken, ber\u00e4ttar hon i SVT:s \u201dCarina Bergfeldt\u201d. \u2013&hellip;\n","protected":false},"author":2,"featured_media":117091,"comment_status":"","ping_status":"","sticky":false,"template":"","format":"standard","meta":{"footnotes":""},"categories":[12],"tags":[12579,22,23,12580,1983,26,27,17,21,12578,24,25,639,28,29,15,16,369,18,34,31,33,32,30,19,20,3416],"class_list":{"0":"post-117090","1":"post","2":"type-post","3":"status-publish","4":"format-standard","5":"has-post-thumbnail","7":"category-sverige","8":"tag-birgitta-ohlsson","9":"tag-breaking-news","10":"tag-breakingnews","11":"tag-carina-bergfeldt","12":"tag-centerpartiet","13":"tag-featured-news","14":"tag-featurednews","15":"tag-headlines","16":"tag-huvudnyheter","17":"tag-jan-bjorklund","18":"tag-latest-news","19":"tag-latestnews","20":"tag-liberalerna","21":"tag-main-news","22":"tag-mainnews","23":"tag-news","24":"tag-nyheter","25":"tag-politik","26":"tag-rubriker","27":"tag-se","28":"tag-svenska","29":"tag-sverige","30":"tag-sweden","31":"tag-swedish","32":"tag-top-stories","33":"tag-topstories","34":"tag-valet-2026"},"share_on_mastodon":{"url":"https:\/\/pubeurope.com\/@se\/115784224896812821","error":""},"_links":{"self":[{"href":"https:\/\/www.europesays.com\/se\/wp-json\/wp\/v2\/posts\/117090","targetHints":{"allow":["GET"]}}],"collection":[{"href":"https:\/\/www.europesays.com\/se\/wp-json\/wp\/v2\/posts"}],"about":[{"href":"https:\/\/www.europesays.com\/se\/wp-json\/wp\/v2\/types\/post"}],"author":[{"embeddable":true,"href":"https:\/\/www.europesays.com\/se\/wp-json\/wp\/v2\/users\/2"}],"replies":[{"embeddable":true,"href":"https:\/\/www.europesays.com\/se\/wp-json\/wp\/v2\/comments?post=117090"}],"version-history":[{"count":0,"href":"https:\/\/www.europesays.com\/se\/wp-json\/wp\/v2\/posts\/117090\/revisions"}],"wp:featuredmedia":[{"embeddable":true,"href":"https:\/\/www.europesays.com\/se\/wp-json\/wp\/v2\/media\/117091"}],"wp:attachment":[{"href":"https:\/\/www.europesays.com\/se\/wp-json\/wp\/v2\/media?parent=117090"}],"wp:term":[{"taxonomy":"category","embeddable":true,"href":"https:\/\/www.europesays.com\/se\/wp-json\/wp\/v2\/categories?post=117090"},{"taxonomy":"post_tag","embeddable":true,"href":"https:\/\/www.europesays.com\/se\/wp-json\/wp\/v2\/tags?post=117090"}],"curies":[{"name":"wp","href":"https:\/\/api.w.org\/{rel}","templated":true}]}}