{"id":117098,"date":"2025-12-26T05:36:57","date_gmt":"2025-12-26T05:36:57","guid":{"rendered":"https:\/\/www.europesays.com\/se\/117098\/"},"modified":"2025-12-26T05:36:57","modified_gmt":"2025-12-26T05:36:57","slug":"viktigaste-nyheterna-pa-tre-minuter-7","status":"publish","type":"post","link":"https:\/\/www.europesays.com\/se\/117098\/","title":{"rendered":"Viktigaste nyheterna p\u00e5 tre minuter"},"content":{"rendered":"<p>USA har inga planer p\u00e5 att \u201der\u00f6vra\u201d eller \u201dta \u00f6ver\u201d Gr\u00f6nland med v\u00e5ld. Det s\u00e4ger landets nya s\u00e4ndebud till Gr\u00f6nland, Jeff Landry, i sin f\u00f6rsta kommentar sedan han tilltr\u00e4dde rollen, rapporterar AP.<\/p>\n<p>Till Fox News s\u00e4ger han att man vill starta en diskussion med inv\u00e5narna p\u00e5 Gr\u00f6nland om det strategiskt viktiga territoriets framtid.<\/p>\n<p>Det amerikanska justitiedepartementet har skickat ut en n\u00f6df\u00f6rfr\u00e5gan om att man beh\u00f6ver frivilliga som jobbar \u00f6ver julen med att maska dokumenten i Epsteinutredningen, skriver CNN.<\/p>\n<p>\u201dJag \u00e4r medveten om att tidpunkten inte kunde vara v\u00e4rre\u201d, skrev ledningen f\u00f6r den amerikanska \u00e5klagarmyndigheten i ett mejl p\u00e5 tisdagen, d\u00e4r man bad om hj\u00e4lp \u201dde kommande dagarna\u201d.<\/p>\n<p>Natos luftledningscentral tog till humorn n\u00e4r man p\u00e5 X \u00f6nskade god jul och ber\u00e4ttade att man under kv\u00e4llen f\u00f6ljde en \u201doidentifierad flygande sl\u00e4de\u201d som lyft fr\u00e5n Nordpolen och fl\u00f6g \u201doregelbundet\u201d.<\/p>\n<p>Sl\u00e4den identifierades snabbt som Santa01 och \u201df\u00e5ngades\u201d dessutom p\u00e5 en misst\u00e4nkt AI-genererad bild \u00f6ver Finland.<\/p>\n<p>F\u00f6r skinkan \u00e4r dagarna som julbordets sj\u00e4lvklara konung p\u00e5 v\u00e4g att rinna ut. En ganska ny och pigg uppstickare h\u00e5ller n\u00e4mligen p\u00e5 att ta \u00f6ver.<\/p>\n<p>Monarkfj\u00e4rilen kan sitta p\u00e5 nyckeln till att lista ut ett av djurv\u00e4rldens stora mysterier. Hur vissa arter anv\u00e4nder sin magnetiska kompass f\u00f6r att navigera stora avst\u00e5nd har l\u00e4nge g\u00e4ckat forskare. New York Times har f\u00f6ljt med en forskare som opererar p\u00e5 fj\u00e4rilar f\u00f6r att f\u00f6rs\u00f6ka l\u00f6sa g\u00e5tan. <a target=\"_blank\" rel=\"noreferrer nofollow noopener\" href=\"https:\/\/www.nytimes.com\/2025\/12\/23\/science\/neuroscience-monarch-butterflies-migration.html\" class=\"Text_externalLink__zdh8y\">L\u00e4s mer p\u00e5 deras sajt.<\/a><\/p>\n<p>Omni \u00e4r politiskt obundna och oberoende. Vi str\u00e4var efter att ge fler perspektiv p\u00e5 nyheterna. Har du fr\u00e5gor eller synpunkter kring v\u00e5r rapportering? <a href=\"https:\/\/omni.se\/viktigaste-nyheterna-pa-tre-minuter\/a\/mailto:redaktion@omni.se\" class=\"ArticleActions_contactLink__W2F1M\" rel=\"nofollow noopener\" target=\"_blank\">Kontakta redaktionen<\/a><\/p>\n","protected":false},"excerpt":{"rendered":"USA har inga planer p\u00e5 att \u201der\u00f6vra\u201d eller \u201dta \u00f6ver\u201d Gr\u00f6nland med v\u00e5ld. Det s\u00e4ger landets nya s\u00e4ndebud&hellip;\n","protected":false},"author":2,"featured_media":117099,"comment_status":"","ping_status":"","sticky":false,"template":"","format":"standard","meta":{"footnotes":""},"categories":[14],"tags":[22,23,26,27,17,21,24,25,28,29,700,15,16,18,34,31,33,32,30,19,20,51,52,53,54],"class_list":{"0":"post-117098","1":"post","2":"type-post","3":"status-publish","4":"format-standard","5":"has-post-thumbnail","7":"category-varlden","8":"tag-breaking-news","9":"tag-breakingnews","10":"tag-featured-news","11":"tag-featurednews","12":"tag-headlines","13":"tag-huvudnyheter","14":"tag-latest-news","15":"tag-latestnews","16":"tag-main-news","17":"tag-mainnews","18":"tag-morgonsvepet","19":"tag-news","20":"tag-nyheter","21":"tag-rubriker","22":"tag-se","23":"tag-svenska","24":"tag-sverige","25":"tag-sweden","26":"tag-swedish","27":"tag-top-stories","28":"tag-topstories","29":"tag-varlden","30":"tag-world","31":"tag-world-news","32":"tag-worldnews"},"share_on_mastodon":{"url":"https:\/\/pubeurope.com\/@se\/115784256316330916","error":""},"_links":{"self":[{"href":"https:\/\/www.europesays.com\/se\/wp-json\/wp\/v2\/posts\/117098","targetHints":{"allow":["GET"]}}],"collection":[{"href":"https:\/\/www.europesays.com\/se\/wp-json\/wp\/v2\/posts"}],"about":[{"href":"https:\/\/www.europesays.com\/se\/wp-json\/wp\/v2\/types\/post"}],"author":[{"embeddable":true,"href":"https:\/\/www.europesays.com\/se\/wp-json\/wp\/v2\/users\/2"}],"replies":[{"embeddable":true,"href":"https:\/\/www.europesays.com\/se\/wp-json\/wp\/v2\/comments?post=117098"}],"version-history":[{"count":0,"href":"https:\/\/www.europesays.com\/se\/wp-json\/wp\/v2\/posts\/117098\/revisions"}],"wp:featuredmedia":[{"embeddable":true,"href":"https:\/\/www.europesays.com\/se\/wp-json\/wp\/v2\/media\/117099"}],"wp:attachment":[{"href":"https:\/\/www.europesays.com\/se\/wp-json\/wp\/v2\/media?parent=117098"}],"wp:term":[{"taxonomy":"category","embeddable":true,"href":"https:\/\/www.europesays.com\/se\/wp-json\/wp\/v2\/categories?post=117098"},{"taxonomy":"post_tag","embeddable":true,"href":"https:\/\/www.europesays.com\/se\/wp-json\/wp\/v2\/tags?post=117098"}],"curies":[{"name":"wp","href":"https:\/\/api.w.org\/{rel}","templated":true}]}}