{"id":117114,"date":"2025-12-26T05:58:07","date_gmt":"2025-12-26T05:58:07","guid":{"rendered":"https:\/\/www.europesays.com\/se\/117114\/"},"modified":"2025-12-26T05:58:07","modified_gmt":"2025-12-26T05:58:07","slug":"miljonsucce-for-fredrik-wikingsson-plockar-ut-jatteutdelning","status":"publish","type":"post","link":"https:\/\/www.europesays.com\/se\/117114\/","title":{"rendered":"Miljonsucc\u00e9 f\u00f6r Fredrik Wikingsson \u2013 plockar ut j\u00e4tteutdelning"},"content":{"rendered":"<p>Publicerad 26 dec 2025 kl 06.30Uppdaterad kl 06.39<\/p>\n<p>Det g\u00e5r bra f\u00f6r Fredrik Wikingsson.<\/p>\n<p>Miljonerna str\u00f6mmar in i tv-profilens bolag.<\/p>\n<p>Nu plockar han ut 59 miljoner kronor i utdelning \u2013 efter f\u00f6rra \u00e5rets 129 miljoner.<\/p>\n<p><img   alt=\"\"\/><\/p>\n<p>Fredrik Wikingsson.<\/p>\n<p>Foto: Karin T\u00f6rnblom \/ IBL<\/p>\n<p>\u00d6ppna bild i helsk\u00e4rm<\/p>\n<p>\u201dAlla mot alla\u201d i Kanal 5 l\u00e4gger ner efter tolv s\u00e4songer och 700 avsnitt.<\/p>\n<p>Men det g\u00e5r verkligen ingen n\u00f6d p\u00e5 <a href=\"https:\/\/www.expressen.se\/tagg\/person\/fredrik-wikingsson\/\" class=\"\" rel=\"nofollow noopener\" target=\"_blank\">Fredrik Wikingsson<\/a>, 52 \u2013 som ocks\u00e5 g\u00f6r podcasten \u201dFilip och Fredriks podcast\u201d med radarpartnern Filip Hammar, 50. Han driver ocks\u00e5 produktionsbolaget Nexiko och i fjol regisserade han succ\u00e9filmen \u201dDen sista resan\u201d ihop med Hammar.<\/p>\n<p>Framg\u00e5ngarna syns tydligt i bolaget Fredrik Wikingsson AB, som nyligen l\u00e4mnade in sin \u00e5rsredovisning f\u00f6r r\u00e4kenskaps\u00e5ret 2024-2025.<\/p>\n<p>Bolaget \u00e4gnar sig \u00e5t medieproduktion och liveframtr\u00e4danden och har royaltyint\u00e4kter, framg\u00e5r av \u00e5rsredovisningen.<\/p>\n<p>Nettooms\u00e4ttningen landade p\u00e5 knappt 24 miljoner, en liten minskning sedan \u00e5ret f\u00f6re. Men vinsten sk\u00f6t i h\u00f6jden, fr\u00e5n 26 till 59 miljoner kronor.<\/p>\n<p>Framf\u00f6rallt \u00e4r det punkten \u201dResultat fr\u00e5n \u00f6vriga finansiella anl\u00e4ggningstillg\u00e5ngar\u201d som sk\u00f6t i h\u00f6jden, med 26 miljoner in.<\/p>\n<p>200 miljoner p\u00e5 tv\u00e5 \u00e5r<\/p>\n<p>Och nu unnar sig Wikingsson en rej\u00e4l utdelning \u2013 styrelsen har f\u00f6reslagit 59 miljoner kronor. Detta efter att Wikingsson f\u00f6rra \u00e5ret plockade ut 129 miljoner kronor. Totalt har han allts\u00e5 plockat ut n\u00e4ra 200 miljoner p\u00e5 tv\u00e5 \u00e5r.<\/p>\n<p>Expressen har s\u00f6kt Fredrik Wikingsson.<\/p>\n<p>\u2013 Jag pallar fan inte att snacka om mina pengar. Jag passar p\u00e5 det, sa han till Expressen 2020 n\u00e4r bolaget gjort \u2013 dittills \u2013 rekord\u00e5r.<\/p>\n<p>LMFF holding AB, som \u00e4ger produktionsbolaget Nexiko, oms\u00e4tter samtidigt hundratals miljoner kronor \u00e5rligen \u2013 senast 282 miljoner.<\/p>\n<p>Bolaget har bland annat producerat \u201dAlla mot alla\u201d.<\/p>\n","protected":false},"excerpt":{"rendered":"Publicerad 26 dec 2025 kl 06.30Uppdaterad kl 06.39 Det g\u00e5r bra f\u00f6r Fredrik Wikingsson. Miljonerna str\u00f6mmar in i&hellip;\n","protected":false},"author":2,"featured_media":117115,"comment_status":"","ping_status":"","sticky":false,"template":"","format":"standard","meta":{"footnotes":""},"categories":[67],"tags":[104,12581,1448,2952,3066,34,31,33,32,30,310,105],"class_list":{"0":"post-117114","1":"post","2":"type-post","3":"status-publish","4":"format-standard","5":"has-post-thumbnail","7":"category-underhallning","8":"tag-entertainment","9":"tag-organization-alla-mot-alla","10":"tag-organization-kanal-5","11":"tag-person-filip-hammar","12":"tag-person-fredrik-wikingsson","13":"tag-se","14":"tag-svenska","15":"tag-sverige","16":"tag-sweden","17":"tag-swedish","18":"tag-topic-kandisar","19":"tag-underhallning"},"share_on_mastodon":{"url":"https:\/\/pubeurope.com\/@se\/115784338864870750","error":""},"_links":{"self":[{"href":"https:\/\/www.europesays.com\/se\/wp-json\/wp\/v2\/posts\/117114","targetHints":{"allow":["GET"]}}],"collection":[{"href":"https:\/\/www.europesays.com\/se\/wp-json\/wp\/v2\/posts"}],"about":[{"href":"https:\/\/www.europesays.com\/se\/wp-json\/wp\/v2\/types\/post"}],"author":[{"embeddable":true,"href":"https:\/\/www.europesays.com\/se\/wp-json\/wp\/v2\/users\/2"}],"replies":[{"embeddable":true,"href":"https:\/\/www.europesays.com\/se\/wp-json\/wp\/v2\/comments?post=117114"}],"version-history":[{"count":0,"href":"https:\/\/www.europesays.com\/se\/wp-json\/wp\/v2\/posts\/117114\/revisions"}],"wp:featuredmedia":[{"embeddable":true,"href":"https:\/\/www.europesays.com\/se\/wp-json\/wp\/v2\/media\/117115"}],"wp:attachment":[{"href":"https:\/\/www.europesays.com\/se\/wp-json\/wp\/v2\/media?parent=117114"}],"wp:term":[{"taxonomy":"category","embeddable":true,"href":"https:\/\/www.europesays.com\/se\/wp-json\/wp\/v2\/categories?post=117114"},{"taxonomy":"post_tag","embeddable":true,"href":"https:\/\/www.europesays.com\/se\/wp-json\/wp\/v2\/tags?post=117114"}],"curies":[{"name":"wp","href":"https:\/\/api.w.org\/{rel}","templated":true}]}}