{"id":117128,"date":"2025-12-26T06:12:14","date_gmt":"2025-12-26T06:12:14","guid":{"rendered":"https:\/\/www.europesays.com\/se\/117128\/"},"modified":"2025-12-26T06:12:14","modified_gmt":"2025-12-26T06:12:14","slug":"zelenskyj-mycket-bra-mote-med-witkoff-hufvudstadsbladet-2","status":"publish","type":"post","link":"https:\/\/www.europesays.com\/se\/117128\/","title":{"rendered":"Zelenskyj: \u201dMycket bra m\u00f6te med Witkoff\u201d &#8211; Hufvudstadsbladet"},"content":{"rendered":"<ol>\n<li><a href=\"https:\/\/news.google.com\/rss\/articles\/CBMic0FVX3lxTE5sN2Nnb1ZxYzJXbEVrOFhseDFiSTVodGR1NExIcmthanZTSnBCZWx5QUZmeEJCc09oUU5sT2dtdHlkWWk4dUdIUFhYVGtKWEg0QWIxemdlc2lJaFNEc18td0RscktMTGJtTWxDazBrNnRFVVU?oc=5\" target=\"_blank\" rel=\"nofollow noopener\">Zelenskyj: \u201dMycket bra m\u00f6te med Witkoff\u201d<\/a>&nbsp;&nbsp;Hufvudstadsbladet<\/li>\n<li><a href=\"https:\/\/news.google.com\/rss\/articles\/CBMiigFBVV95cUxQbThEUW5uVWZlNEZFclZvanRHczBHb3NFZ0JkMWdBbHpZcU5RekViZUNWUHJKQTk2ekNkVW5peU1aRjZYMFl0NUQtanpWb0gxSnpqMDdfYVctQVdnbXh2WWNmQ0Raakx2dU16bVE4TG5Fdm4wdHZWRUhSUFhzYlpqaHZIcXd1OUViNlE?oc=5\" target=\"_blank\" rel=\"nofollow noopener\">Zelenskyj: \u201dMycket bra samtal med Trumps s\u00e4ndebud\u201d<\/a>&nbsp;&nbsp;Aftonbladet<\/li>\n<li><a href=\"https:\/\/news.google.com\/rss\/articles\/CBMisgFBVV95cUxOV0V5clI4TnZCYXhsNWV1X0l6UnVQclBmQU5yWXNLVTNrNHk1Qm5BcXhCSU9IazFCVXJuSW05S1NpSWVONkFIY1JFZ2hsdzdTOG9XaWhLb0d3U2JrSGZMNGZpNElrSEE2YUJmdXpUVlJMZ203Tlh3ZWR4YlRtclZKeHNsNWM2MFQySjRRRUZPQU9tOW9Td2FDd0Myc2o4b0Z4MkU2V1F0dG5tNEZTeWEwTXRn?oc=5\" target=\"_blank\" rel=\"nofollow noopener\">Kreml: Analyserar fredsf\u00f6rslaget \u2013 Senaste nytt om kriget i Ukraina<\/a>&nbsp;&nbsp;SVT Nyheter<\/li>\n<li><a href=\"https:\/\/news.google.com\/rss\/articles\/CBMijwFBVV95cUxPVXExNzdaMk1pMjJKWlcwLTUxaHZ5VWltUnFlWG9mNzNBVlh4alpBcmlsNVNxLTdYODVaVVJISHNwOGZmcVZUdnRVZ0taLUp2czRsSEVNMWpMXzdtaWtwLUc2a191SmQ1MXNHTjRRWDVWMjliYVNKS2pCbXhJSmRRRm53Mkk1bHF1OUQtVG9WQQ?oc=5\" target=\"_blank\" rel=\"nofollow noopener\">K\u00e4llor: Putin kr\u00e4ver stora \u00e4ndringar<\/a>&nbsp;&nbsp;Kvartal<\/li>\n<li><a href=\"https:\/\/news.google.com\/rss\/articles\/CBMinAFBVV95cUxNVWZnVUFKN0ZFMEVhQ2s2ckN0Qm1ubUZ5Z1J6SmlhSGhlWi1FbkZsTVpOakhTQ1Y5eFNpMzdEODQtVUdCSjg5X3Bja3JNN3h0REdHREl3a3NfVTl0UXFzbUdBSGF4RW9Ta2RmWW5IbEtmVDFqSmpIcEpWTUVFdWFIdXRDX0l4WE1rOEdMMjAwZVgzSFk1ZDV2cm1xWTg?oc=5\" target=\"_blank\" rel=\"nofollow noopener\">Ryssland om fredsf\u00f6rslaget: Kommunikation kan forts\u00e4tta med USA<\/a>&nbsp;&nbsp;Sveriges Radio<\/li>\n<\/ol>\n","protected":false},"excerpt":{"rendered":"Zelenskyj: \u201dMycket bra m\u00f6te med Witkoff\u201d&nbsp;&nbsp;Hufvudstadsbladet Zelenskyj: \u201dMycket bra samtal med Trumps s\u00e4ndebud\u201d&nbsp;&nbsp;Aftonbladet Kreml: Analyserar fredsf\u00f6rslaget \u2013 Senaste&hellip;\n","protected":false},"author":2,"featured_media":117003,"comment_status":"","ping_status":"","sticky":false,"template":"","format":"standard","meta":{"footnotes":""},"categories":[14],"tags":[22,23,26,27,17,21,24,25,28,29,15,16,18,34,31,33,32,30,19,20,51,52,53,54],"class_list":{"0":"post-117128","1":"post","2":"type-post","3":"status-publish","4":"format-standard","5":"has-post-thumbnail","7":"category-varlden","8":"tag-breaking-news","9":"tag-breakingnews","10":"tag-featured-news","11":"tag-featurednews","12":"tag-headlines","13":"tag-huvudnyheter","14":"tag-latest-news","15":"tag-latestnews","16":"tag-main-news","17":"tag-mainnews","18":"tag-news","19":"tag-nyheter","20":"tag-rubriker","21":"tag-se","22":"tag-svenska","23":"tag-sverige","24":"tag-sweden","25":"tag-swedish","26":"tag-top-stories","27":"tag-topstories","28":"tag-varlden","29":"tag-world","30":"tag-world-news","31":"tag-worldnews"},"share_on_mastodon":{"url":"https:\/\/pubeurope.com\/@se\/115784393859123622","error":""},"_links":{"self":[{"href":"https:\/\/www.europesays.com\/se\/wp-json\/wp\/v2\/posts\/117128","targetHints":{"allow":["GET"]}}],"collection":[{"href":"https:\/\/www.europesays.com\/se\/wp-json\/wp\/v2\/posts"}],"about":[{"href":"https:\/\/www.europesays.com\/se\/wp-json\/wp\/v2\/types\/post"}],"author":[{"embeddable":true,"href":"https:\/\/www.europesays.com\/se\/wp-json\/wp\/v2\/users\/2"}],"replies":[{"embeddable":true,"href":"https:\/\/www.europesays.com\/se\/wp-json\/wp\/v2\/comments?post=117128"}],"version-history":[{"count":0,"href":"https:\/\/www.europesays.com\/se\/wp-json\/wp\/v2\/posts\/117128\/revisions"}],"wp:featuredmedia":[{"embeddable":true,"href":"https:\/\/www.europesays.com\/se\/wp-json\/wp\/v2\/media\/117003"}],"wp:attachment":[{"href":"https:\/\/www.europesays.com\/se\/wp-json\/wp\/v2\/media?parent=117128"}],"wp:term":[{"taxonomy":"category","embeddable":true,"href":"https:\/\/www.europesays.com\/se\/wp-json\/wp\/v2\/categories?post=117128"},{"taxonomy":"post_tag","embeddable":true,"href":"https:\/\/www.europesays.com\/se\/wp-json\/wp\/v2\/tags?post=117128"}],"curies":[{"name":"wp","href":"https:\/\/api.w.org\/{rel}","templated":true}]}}