{"id":117133,"date":"2025-12-26T06:22:10","date_gmt":"2025-12-26T06:22:10","guid":{"rendered":"https:\/\/www.europesays.com\/se\/117133\/"},"modified":"2025-12-26T06:22:10","modified_gmt":"2025-12-26T06:22:10","slug":"trumps-tullar-har-gjort-exklusiva-viner-billigare","status":"publish","type":"post","link":"https:\/\/www.europesays.com\/se\/117133\/","title":{"rendered":"Trumps tullar har gjort exklusiva viner billigare"},"content":{"rendered":"<p>Marknaden f\u00f6r exklusiva viner \u00e4r p\u00e5 nedg\u00e5ng f\u00f6r tredje \u00e5ret i rad.\u00a0<\/p>\n<p>Vinpriserna ha sjunkit med n\u00e4ra tre procent och den amerikanska efterfr\u00e5gan har n\u00e4stan halverats, skriver Financial Times. \u00a0<\/p>\n<p>Seniorekonomen: \u201dAldrig varit med om ett s\u00e5 dramatiskt \u00e5r\u201d<img loading=\"lazy\"   alt=\"\"\/><\/p>\n<p>USA:s president Donald Trump.<\/p>\n<p>Foto: ALEX BRANDON \/ AP TT NYHETSBYR\u00c5N<\/p>\n<p>\u00d6ppna bild i helsk\u00e4rm<img loading=\"lazy\"   alt=\"\"\/><\/p>\n<p>Marknaden f\u00f6r exklusiva viner \u00e4r p\u00e5 nedg\u00e5ng.<\/p>\n<p>Foto: ANN-SOFI ROSENKVIST \/ DN TT NYHETSBYR\u00c5N<\/p>\n<p>\u00d6ppna bild i helsk\u00e4rm<\/p>\n<p>En anledning stavas Trump-tullarna \u2013 som avskr\u00e4cker amerikanska k\u00f6pare och investerare, skriver tidningen. \u00a0<\/p>\n<p>De 15-procentiga tullarna p\u00e5 <a href=\"https:\/\/www.expressen.se\/tagg\/organization\/eu\/\" class=\"\" rel=\"nofollow noopener\" target=\"_blank\">EU<\/a>-import har drabbat branschen h\u00e5rt och de amerikanska k\u00f6pen av fina viner har minskat med runt 44 procent i \u00e5r. \u00a0<\/p>\n<p>Fram till november i \u00e5r har vinpriserna sjunkit med 2,8 procent. De finaste vinerna st\u00e5r f\u00f6r det st\u00f6rsta tappet, d\u00e4r bordeauxpriserna sj\u00f6nk hela 6,6 procent och priset p\u00e5 champagne gick ned med 4,3 procent.\u00a0<\/p>\n<p>Fr\u00e5n 2020 och tv\u00e5 \u00e5r fram\u00e5t s\u00e5g branschen en stadig uppg\u00e5ng och priserna p\u00e5 vin n\u00e5dde rekordniv\u00e5er under 2022. Men efter en nedg\u00e5ng tre \u00e5r i rad \u00e4r priserna nu p\u00e5 samma niv\u00e5 som 2020.\u00a0<\/p>\n","protected":false},"excerpt":{"rendered":"Marknaden f\u00f6r exklusiva viner \u00e4r p\u00e5 nedg\u00e5ng f\u00f6r tredje \u00e5ret i rad.\u00a0 Vinpriserna ha sjunkit med n\u00e4ra tre&hellip;\n","protected":false},"author":2,"featured_media":117134,"comment_status":"","ping_status":"","sticky":false,"template":"","format":"standard","meta":{"footnotes":""},"categories":[65],"tags":[72,70,71,286,45,2443,746,198,34,31,33,32,30,219,204,145],"class_list":{"0":"post-117133","1":"post","2":"type-post","3":"status-publish","4":"format-standard","5":"has-post-thumbnail","7":"category-ekonomi","8":"tag-business","9":"tag-economy","10":"tag-ekonomi","11":"tag-location-europa","12":"tag-location-usa","13":"tag-newsstory-donald-trumps-tullar","14":"tag-organization-eu","15":"tag-person-donald-trump","16":"tag-se","17":"tag-svenska","18":"tag-sverige","19":"tag-sweden","20":"tag-swedish","21":"tag-topic-alkohol","22":"tag-topic-amerikansk-politik","23":"tag-topic-mat-dryck"},"share_on_mastodon":{"url":"https:\/\/pubeurope.com\/@se\/115784433267708808","error":""},"_links":{"self":[{"href":"https:\/\/www.europesays.com\/se\/wp-json\/wp\/v2\/posts\/117133","targetHints":{"allow":["GET"]}}],"collection":[{"href":"https:\/\/www.europesays.com\/se\/wp-json\/wp\/v2\/posts"}],"about":[{"href":"https:\/\/www.europesays.com\/se\/wp-json\/wp\/v2\/types\/post"}],"author":[{"embeddable":true,"href":"https:\/\/www.europesays.com\/se\/wp-json\/wp\/v2\/users\/2"}],"replies":[{"embeddable":true,"href":"https:\/\/www.europesays.com\/se\/wp-json\/wp\/v2\/comments?post=117133"}],"version-history":[{"count":0,"href":"https:\/\/www.europesays.com\/se\/wp-json\/wp\/v2\/posts\/117133\/revisions"}],"wp:featuredmedia":[{"embeddable":true,"href":"https:\/\/www.europesays.com\/se\/wp-json\/wp\/v2\/media\/117134"}],"wp:attachment":[{"href":"https:\/\/www.europesays.com\/se\/wp-json\/wp\/v2\/media?parent=117133"}],"wp:term":[{"taxonomy":"category","embeddable":true,"href":"https:\/\/www.europesays.com\/se\/wp-json\/wp\/v2\/categories?post=117133"},{"taxonomy":"post_tag","embeddable":true,"href":"https:\/\/www.europesays.com\/se\/wp-json\/wp\/v2\/tags?post=117133"}],"curies":[{"name":"wp","href":"https:\/\/api.w.org\/{rel}","templated":true}]}}