{"id":117135,"date":"2025-12-26T06:23:34","date_gmt":"2025-12-26T06:23:34","guid":{"rendered":"https:\/\/www.europesays.com\/se\/117135\/"},"modified":"2025-12-26T06:23:34","modified_gmt":"2025-12-26T06:23:34","slug":"2025-ljusglimtar-fran-aret-som-gatt","status":"publish","type":"post","link":"https:\/\/www.europesays.com\/se\/117135\/","title":{"rendered":"2025: Ljusglimtar fr\u00e5n \u00e5ret som g\u00e5tt"},"content":{"rendered":"<p class=\"preamble\">2025 har varit ett \u00e5r av krig, konflikter och oro p\u00e5 m\u00e5nga st\u00e4llen i v\u00e4rlden \u2013 men i m\u00f6rkret finns ljusglimtar. I Mellan\u00f6stern har terrorst\u00e4mplade PKK lagt ner sina vapen, i Moldavien stod folket emot rysk p\u00e5verkan i h\u00f6stens val och p\u00e5 flera h\u00e5ll i v\u00e4rlden ser vi unga vuxna som under namnet Gen Z h\u00f6jer sina r\u00f6ster mot sociala or\u00e4ttvisor och politiska system. Nu summerar vi \u00e5ret som g\u00e5tt, med nedslag i fr\u00e5gor som ger hopp f\u00f6r framtiden.<\/p>\n","protected":false},"excerpt":{"rendered":"2025 har varit ett \u00e5r av krig, konflikter och oro p\u00e5 m\u00e5nga st\u00e4llen i v\u00e4rlden \u2013 men i&hellip;\n","protected":false},"author":2,"featured_media":117136,"comment_status":"","ping_status":"","sticky":false,"template":"","format":"standard","meta":{"footnotes":""},"categories":[14],"tags":[22,23,26,27,17,21,24,25,28,29,15,16,18,34,31,33,32,30,19,20,51,52,53,54],"class_list":{"0":"post-117135","1":"post","2":"type-post","3":"status-publish","4":"format-standard","5":"has-post-thumbnail","7":"category-varlden","8":"tag-breaking-news","9":"tag-breakingnews","10":"tag-featured-news","11":"tag-featurednews","12":"tag-headlines","13":"tag-huvudnyheter","14":"tag-latest-news","15":"tag-latestnews","16":"tag-main-news","17":"tag-mainnews","18":"tag-news","19":"tag-nyheter","20":"tag-rubriker","21":"tag-se","22":"tag-svenska","23":"tag-sverige","24":"tag-sweden","25":"tag-swedish","26":"tag-top-stories","27":"tag-topstories","28":"tag-varlden","29":"tag-world","30":"tag-world-news","31":"tag-worldnews"},"share_on_mastodon":{"url":"https:\/\/pubeurope.com\/@se\/115784437224725495","error":""},"_links":{"self":[{"href":"https:\/\/www.europesays.com\/se\/wp-json\/wp\/v2\/posts\/117135","targetHints":{"allow":["GET"]}}],"collection":[{"href":"https:\/\/www.europesays.com\/se\/wp-json\/wp\/v2\/posts"}],"about":[{"href":"https:\/\/www.europesays.com\/se\/wp-json\/wp\/v2\/types\/post"}],"author":[{"embeddable":true,"href":"https:\/\/www.europesays.com\/se\/wp-json\/wp\/v2\/users\/2"}],"replies":[{"embeddable":true,"href":"https:\/\/www.europesays.com\/se\/wp-json\/wp\/v2\/comments?post=117135"}],"version-history":[{"count":0,"href":"https:\/\/www.europesays.com\/se\/wp-json\/wp\/v2\/posts\/117135\/revisions"}],"wp:featuredmedia":[{"embeddable":true,"href":"https:\/\/www.europesays.com\/se\/wp-json\/wp\/v2\/media\/117136"}],"wp:attachment":[{"href":"https:\/\/www.europesays.com\/se\/wp-json\/wp\/v2\/media?parent=117135"}],"wp:term":[{"taxonomy":"category","embeddable":true,"href":"https:\/\/www.europesays.com\/se\/wp-json\/wp\/v2\/categories?post=117135"},{"taxonomy":"post_tag","embeddable":true,"href":"https:\/\/www.europesays.com\/se\/wp-json\/wp\/v2\/tags?post=117135"}],"curies":[{"name":"wp","href":"https:\/\/api.w.org\/{rel}","templated":true}]}}