{"id":117157,"date":"2025-12-26T06:43:12","date_gmt":"2025-12-26T06:43:12","guid":{"rendered":"https:\/\/www.europesays.com\/se\/117157\/"},"modified":"2025-12-26T06:43:12","modified_gmt":"2025-12-26T06:43:12","slug":"drunkningslarm-vid-bergsviksbron-pitea","status":"publish","type":"post","link":"https:\/\/www.europesays.com\/se\/117157\/","title":{"rendered":"Drunkningslarm vid Bergsviksbron Pite\u00e5"},"content":{"rendered":"<p>Inringare saknade en bekant, och s\u00e5g att det var fotsp\u00e5r ned till vattnet vid Bergsviksbron men inga tecken som tydde p\u00e5 att n\u00e5gon kommit tillbaka. Man larmar d\u00e5 SOS.R\u00e4ddningstj\u00e4nsten var p\u00e5 plats med ytb\u00e4rgare och dr\u00f6nare och s\u00f6kte i omr\u00e5det. \u00c4ven polisen deltog i arbetet. Efter ett tag lyckades man lokalisera personen p\u00e5 en adress, och s\u00f6kandet avbr\u00f6ts.<\/p>\n","protected":false},"excerpt":{"rendered":"Inringare saknade en bekant, och s\u00e5g att det var fotsp\u00e5r ned till vattnet vid Bergsviksbron men inga tecken&hellip;\n","protected":false},"author":2,"featured_media":117158,"comment_status":"","ping_status":"","sticky":false,"template":"","format":"standard","meta":{"footnotes":""},"categories":[12],"tags":[22,23,26,27,17,21,24,25,28,29,15,16,18,34,31,33,32,30,19,20],"class_list":{"0":"post-117157","1":"post","2":"type-post","3":"status-publish","4":"format-standard","5":"has-post-thumbnail","7":"category-sverige","8":"tag-breaking-news","9":"tag-breakingnews","10":"tag-featured-news","11":"tag-featurednews","12":"tag-headlines","13":"tag-huvudnyheter","14":"tag-latest-news","15":"tag-latestnews","16":"tag-main-news","17":"tag-mainnews","18":"tag-news","19":"tag-nyheter","20":"tag-rubriker","21":"tag-se","22":"tag-svenska","23":"tag-sverige","24":"tag-sweden","25":"tag-swedish","26":"tag-top-stories","27":"tag-topstories"},"share_on_mastodon":{"url":"https:\/\/pubeurope.com\/@se\/115784515830348083","error":""},"_links":{"self":[{"href":"https:\/\/www.europesays.com\/se\/wp-json\/wp\/v2\/posts\/117157","targetHints":{"allow":["GET"]}}],"collection":[{"href":"https:\/\/www.europesays.com\/se\/wp-json\/wp\/v2\/posts"}],"about":[{"href":"https:\/\/www.europesays.com\/se\/wp-json\/wp\/v2\/types\/post"}],"author":[{"embeddable":true,"href":"https:\/\/www.europesays.com\/se\/wp-json\/wp\/v2\/users\/2"}],"replies":[{"embeddable":true,"href":"https:\/\/www.europesays.com\/se\/wp-json\/wp\/v2\/comments?post=117157"}],"version-history":[{"count":0,"href":"https:\/\/www.europesays.com\/se\/wp-json\/wp\/v2\/posts\/117157\/revisions"}],"wp:featuredmedia":[{"embeddable":true,"href":"https:\/\/www.europesays.com\/se\/wp-json\/wp\/v2\/media\/117158"}],"wp:attachment":[{"href":"https:\/\/www.europesays.com\/se\/wp-json\/wp\/v2\/media?parent=117157"}],"wp:term":[{"taxonomy":"category","embeddable":true,"href":"https:\/\/www.europesays.com\/se\/wp-json\/wp\/v2\/categories?post=117157"},{"taxonomy":"post_tag","embeddable":true,"href":"https:\/\/www.europesays.com\/se\/wp-json\/wp\/v2\/tags?post=117157"}],"curies":[{"name":"wp","href":"https:\/\/api.w.org\/{rel}","templated":true}]}}