{"id":117163,"date":"2025-12-26T06:49:09","date_gmt":"2025-12-26T06:49:09","guid":{"rendered":"https:\/\/www.europesays.com\/se\/117163\/"},"modified":"2025-12-26T06:49:09","modified_gmt":"2025-12-26T06:49:09","slug":"ai-frenesin-lyfter-silicon-valleys-rikaste-musk-etta","status":"publish","type":"post","link":"https:\/\/www.europesays.com\/se\/117163\/","title":{"rendered":"AI-frenesin lyfter Silicon Valleys rikaste \u2013 Musk etta"},"content":{"rendered":"<p>Hajpen kring AI har lett till att de tio rikaste i Silicon Valley \u00f6kat sin sammanlagda f\u00f6rm\u00f6genhet till 2\u202f500 miljarder dollar, motsvarande 23\u202f107 miljarder kronor, skriver Financial Times.<\/p>\n<p>\u2013\u202fDet h\u00e4r \u00e4r spekulativt och korrelerat med AI:s framg\u00e5ng. Det finns ett stort fr\u00e5getecken kring om allt detta kommer att l\u00f6na sig, men investerare satsar p\u00e5 att det kommer att g\u00f6ra det, s\u00e4ger Jason Furman, professor i ekonomi vid Harvard University och konsult f\u00f6r Open AI, till FT.<\/p>\n<p>Toppar listan g\u00f6r Elon Musk med 654 miljarder dollar, f\u00f6ljt av Nvidia-grundaren Jensen Huang p\u00e5 156 miljarder dollar.<\/p>\n<p>Omni \u00e4r politiskt obundna och oberoende. Vi str\u00e4var efter att ge fler perspektiv p\u00e5 nyheterna. Har du fr\u00e5gor eller synpunkter kring v\u00e5r rapportering? <a href=\"https:\/\/omni.se\/ai-frenesin-lyfter-silicon-valleys-rikaste-musk-etta\/a\/mailto:redaktion@omni.se\" class=\"ArticleActions_contactLink__W2F1M\" rel=\"nofollow noopener\" target=\"_blank\">Kontakta redaktionen<\/a><\/p>\n","protected":false},"excerpt":{"rendered":"Hajpen kring AI har lett till att de tio rikaste i Silicon Valley \u00f6kat sin sammanlagda f\u00f6rm\u00f6genhet till&hellip;\n","protected":false},"author":2,"featured_media":117164,"comment_status":"","ping_status":"","sticky":false,"template":"","format":"standard","meta":{"footnotes":""},"categories":[65],"tags":[72,70,71,704,3761,758,464,34,3825,31,33,32,30],"class_list":{"0":"post-117163","1":"post","2":"type-post","3":"status-publish","4":"format-standard","5":"has-post-thumbnail","7":"category-ekonomi","8":"tag-business","9":"tag-economy","10":"tag-ekonomi","11":"tag-elon-musk","12":"tag-jensen-huang","13":"tag-nvidia","14":"tag-open-ai","15":"tag-se","16":"tag-silicon-valley","17":"tag-svenska","18":"tag-sverige","19":"tag-sweden","20":"tag-swedish"},"share_on_mastodon":{"url":"https:\/\/pubeurope.com\/@se\/115784539341863424","error":""},"_links":{"self":[{"href":"https:\/\/www.europesays.com\/se\/wp-json\/wp\/v2\/posts\/117163","targetHints":{"allow":["GET"]}}],"collection":[{"href":"https:\/\/www.europesays.com\/se\/wp-json\/wp\/v2\/posts"}],"about":[{"href":"https:\/\/www.europesays.com\/se\/wp-json\/wp\/v2\/types\/post"}],"author":[{"embeddable":true,"href":"https:\/\/www.europesays.com\/se\/wp-json\/wp\/v2\/users\/2"}],"replies":[{"embeddable":true,"href":"https:\/\/www.europesays.com\/se\/wp-json\/wp\/v2\/comments?post=117163"}],"version-history":[{"count":0,"href":"https:\/\/www.europesays.com\/se\/wp-json\/wp\/v2\/posts\/117163\/revisions"}],"wp:featuredmedia":[{"embeddable":true,"href":"https:\/\/www.europesays.com\/se\/wp-json\/wp\/v2\/media\/117164"}],"wp:attachment":[{"href":"https:\/\/www.europesays.com\/se\/wp-json\/wp\/v2\/media?parent=117163"}],"wp:term":[{"taxonomy":"category","embeddable":true,"href":"https:\/\/www.europesays.com\/se\/wp-json\/wp\/v2\/categories?post=117163"},{"taxonomy":"post_tag","embeddable":true,"href":"https:\/\/www.europesays.com\/se\/wp-json\/wp\/v2\/tags?post=117163"}],"curies":[{"name":"wp","href":"https:\/\/api.w.org\/{rel}","templated":true}]}}