{"id":117165,"date":"2025-12-26T06:52:13","date_gmt":"2025-12-26T06:52:13","guid":{"rendered":"https:\/\/www.europesays.com\/se\/117165\/"},"modified":"2025-12-26T06:52:13","modified_gmt":"2025-12-26T06:52:13","slug":"vilken-trafikregel-galler-egentligen-pa-stenhuggaren","status":"publish","type":"post","link":"https:\/\/www.europesays.com\/se\/117165\/","title":{"rendered":"Vilken trafikregel g\u00e4ller egentligen p\u00e5 Stenhuggaren?"},"content":{"rendered":"<p>Mitt i shoppingruschen dagen innan julafton bes\u00f6ker Helagotland Stenhuggarens tillsammans med Ulf Gardelius, trafikl\u00e4rare och vd f\u00f6r Gotlands trafikskola, bakom ratten.\u00a0Bakgrunden \u00e4r en diskussion i en lokal Facebook-grupp d\u00e4r en p\u00e5pekat att det faktiskt \u00e4r h\u00f6gerregeln som g\u00e4ller p\u00e5 Stenhuggarv\u00e4gen, den passage som g\u00e5r mellan handelsomr\u00e5dets tv\u00e5 delar. Allts\u00e5 att de s<\/p>\n","protected":false},"excerpt":{"rendered":"Mitt i shoppingruschen dagen innan julafton bes\u00f6ker Helagotland Stenhuggarens tillsammans med Ulf Gardelius, trafikl\u00e4rare och vd f\u00f6r Gotlands&hellip;\n","protected":false},"author":2,"featured_media":117166,"comment_status":"","ping_status":"","sticky":false,"template":"","format":"standard","meta":{"footnotes":""},"categories":[12],"tags":[22,23,26,27,17,21,24,25,28,29,15,16,18,34,31,33,32,30,19,20],"class_list":{"0":"post-117165","1":"post","2":"type-post","3":"status-publish","4":"format-standard","5":"has-post-thumbnail","7":"category-sverige","8":"tag-breaking-news","9":"tag-breakingnews","10":"tag-featured-news","11":"tag-featurednews","12":"tag-headlines","13":"tag-huvudnyheter","14":"tag-latest-news","15":"tag-latestnews","16":"tag-main-news","17":"tag-mainnews","18":"tag-news","19":"tag-nyheter","20":"tag-rubriker","21":"tag-se","22":"tag-svenska","23":"tag-sverige","24":"tag-sweden","25":"tag-swedish","26":"tag-top-stories","27":"tag-topstories"},"share_on_mastodon":{"url":"https:\/\/pubeurope.com\/@se\/115784551205238245","error":""},"_links":{"self":[{"href":"https:\/\/www.europesays.com\/se\/wp-json\/wp\/v2\/posts\/117165","targetHints":{"allow":["GET"]}}],"collection":[{"href":"https:\/\/www.europesays.com\/se\/wp-json\/wp\/v2\/posts"}],"about":[{"href":"https:\/\/www.europesays.com\/se\/wp-json\/wp\/v2\/types\/post"}],"author":[{"embeddable":true,"href":"https:\/\/www.europesays.com\/se\/wp-json\/wp\/v2\/users\/2"}],"replies":[{"embeddable":true,"href":"https:\/\/www.europesays.com\/se\/wp-json\/wp\/v2\/comments?post=117165"}],"version-history":[{"count":0,"href":"https:\/\/www.europesays.com\/se\/wp-json\/wp\/v2\/posts\/117165\/revisions"}],"wp:featuredmedia":[{"embeddable":true,"href":"https:\/\/www.europesays.com\/se\/wp-json\/wp\/v2\/media\/117166"}],"wp:attachment":[{"href":"https:\/\/www.europesays.com\/se\/wp-json\/wp\/v2\/media?parent=117165"}],"wp:term":[{"taxonomy":"category","embeddable":true,"href":"https:\/\/www.europesays.com\/se\/wp-json\/wp\/v2\/categories?post=117165"},{"taxonomy":"post_tag","embeddable":true,"href":"https:\/\/www.europesays.com\/se\/wp-json\/wp\/v2\/tags?post=117165"}],"curies":[{"name":"wp","href":"https:\/\/api.w.org\/{rel}","templated":true}]}}