{"id":117169,"date":"2025-12-26T06:56:31","date_gmt":"2025-12-26T06:56:31","guid":{"rendered":"https:\/\/www.europesays.com\/se\/117169\/"},"modified":"2025-12-26T06:56:31","modified_gmt":"2025-12-26T06:56:31","slug":"juldagen-ar-arets-storsta-biodag-i-sverige","status":"publish","type":"post","link":"https:\/\/www.europesays.com\/se\/117169\/","title":{"rendered":"Juldagen \u00e4r \u00e5rets st\u00f6rsta biodag i Sverige"},"content":{"rendered":"<p>Julafton \u00e4r f\u00f6rbi, granen barrar och familjen har b\u00f6rjat kl\u00e4ttra p\u00e5 v\u00e4ggarna. Ja, det kan faktiskt vara r\u00e4tt sk\u00f6nt att l\u00e4mna huset och gl\u00f6mma bort julbordsresterna. Vissa botar rastl\u00f6sheten med att g\u00e5 ut p\u00e5 krogen men p\u00e5 f\u00f6rmiddagen skakas stadsk\u00e4rnan om av en str\u00f6m barnfamiljer som f\u00e4rdas i riktning mot biografen.\u2013 Det \u00e4r \u00e5rets st\u00f6rsta biodag, s\u00e4ger Fabbe Josefsson, <\/p>\n","protected":false},"excerpt":{"rendered":"Julafton \u00e4r f\u00f6rbi, granen barrar och familjen har b\u00f6rjat kl\u00e4ttra p\u00e5 v\u00e4ggarna. Ja, det kan faktiskt vara r\u00e4tt&hellip;\n","protected":false},"author":2,"featured_media":117170,"comment_status":"","ping_status":"","sticky":false,"template":"","format":"standard","meta":{"footnotes":""},"categories":[67],"tags":[104,34,31,33,32,30,105],"class_list":{"0":"post-117169","1":"post","2":"type-post","3":"status-publish","4":"format-standard","5":"has-post-thumbnail","7":"category-underhallning","8":"tag-entertainment","9":"tag-se","10":"tag-svenska","11":"tag-sverige","12":"tag-sweden","13":"tag-swedish","14":"tag-underhallning"},"share_on_mastodon":{"url":"https:\/\/pubeurope.com\/@se\/115784566923743660","error":""},"_links":{"self":[{"href":"https:\/\/www.europesays.com\/se\/wp-json\/wp\/v2\/posts\/117169","targetHints":{"allow":["GET"]}}],"collection":[{"href":"https:\/\/www.europesays.com\/se\/wp-json\/wp\/v2\/posts"}],"about":[{"href":"https:\/\/www.europesays.com\/se\/wp-json\/wp\/v2\/types\/post"}],"author":[{"embeddable":true,"href":"https:\/\/www.europesays.com\/se\/wp-json\/wp\/v2\/users\/2"}],"replies":[{"embeddable":true,"href":"https:\/\/www.europesays.com\/se\/wp-json\/wp\/v2\/comments?post=117169"}],"version-history":[{"count":0,"href":"https:\/\/www.europesays.com\/se\/wp-json\/wp\/v2\/posts\/117169\/revisions"}],"wp:featuredmedia":[{"embeddable":true,"href":"https:\/\/www.europesays.com\/se\/wp-json\/wp\/v2\/media\/117170"}],"wp:attachment":[{"href":"https:\/\/www.europesays.com\/se\/wp-json\/wp\/v2\/media?parent=117169"}],"wp:term":[{"taxonomy":"category","embeddable":true,"href":"https:\/\/www.europesays.com\/se\/wp-json\/wp\/v2\/categories?post=117169"},{"taxonomy":"post_tag","embeddable":true,"href":"https:\/\/www.europesays.com\/se\/wp-json\/wp\/v2\/tags?post=117169"}],"curies":[{"name":"wp","href":"https:\/\/api.w.org\/{rel}","templated":true}]}}