{"id":117171,"date":"2025-12-26T06:58:29","date_gmt":"2025-12-26T06:58:29","guid":{"rendered":"https:\/\/www.europesays.com\/se\/117171\/"},"modified":"2025-12-26T06:58:29","modified_gmt":"2025-12-26T06:58:29","slug":"barn-snor-bil-larde-sig-fran-youtube-video","status":"publish","type":"post","link":"https:\/\/www.europesays.com\/se\/117171\/","title":{"rendered":"Barn snor bil \u2013 l\u00e4rde sig fr\u00e5n Youtube-video"},"content":{"rendered":"<p>Publicerad 25 dec 2025 kl 19.36Uppdaterad 26 dec kl 00.46<\/p>\n<p>Slutar i krasch \u2013 efter polisjakt i 130 km\/h<\/p>\n<p>En dramatisk h\u00e4ndelse utspelade sig i Ohio n\u00e4r en minder\u00e5rig trio greps efter en biljakt. De unga personerna, som \u00e4r 8, 11 och 12 \u00e5r, ska ha lyckats starta och k\u00f6ra fordonet efter att ha studerat instruktioner p\u00e5 Youtube.<\/p>\n<p>            <a href=\"mailto:webbrattelse@expressen.se?subject=Fel%20i%20artikel%3A%20Minder%C3%A5riga%20stal%20bil%20%E2%80%93%20l%C3%A4rde%20sig%20via%20Youtube&amp;body=En%20l%C3%A4sare%20rapporterar%20fel%20i%20https%3A%2F%2Fwww.expressen.se%2Ftv%2Fnyheter%2Fvarlden%2Fminderariga-stal-bil-larde-sig-via-youtube%2F%0A%0AKommentar%3A%20\"><br \/>\n              Anm\u00e4l text- och faktafel<br \/>\n            <\/a><a href=\"https:\/\/www.expressen.se\/om-expressen\/sa-jobbar-vi-med-korrekta-publiceringar\/\" rel=\"nofollow noopener\" target=\"_blank\">V\u00e5ra kvalitetsrutiner<\/a><\/p>\n","protected":false},"excerpt":{"rendered":"Publicerad 25 dec 2025 kl 19.36Uppdaterad 26 dec kl 00.46 Slutar i krasch \u2013 efter polisjakt i 130&hellip;\n","protected":false},"author":2,"featured_media":319,"comment_status":"","ping_status":"","sticky":false,"template":"","format":"standard","meta":{"footnotes":""},"categories":[65],"tags":[72,70,71,12382,45,34,2077,55,31,33,32,30,4771,12582,3533],"class_list":{"0":"post-117171","1":"post","2":"type-post","3":"status-publish","4":"format-standard","5":"has-post-thumbnail","7":"category-ekonomi","8":"tag-business","9":"tag-economy","10":"tag-ekonomi","11":"tag-location-ohio","12":"tag-location-usa","13":"tag-se","14":"tag-sections-nyheter","15":"tag-sections-varlden","16":"tag-svenska","17":"tag-sverige","18":"tag-sweden","19":"tag-swedish","20":"tag-topic-barn","21":"tag-topic-biljakt","22":"tag-topic-trafikbrott"},"share_on_mastodon":{"url":"https:\/\/pubeurope.com\/@se\/115784574744733348","error":""},"_links":{"self":[{"href":"https:\/\/www.europesays.com\/se\/wp-json\/wp\/v2\/posts\/117171","targetHints":{"allow":["GET"]}}],"collection":[{"href":"https:\/\/www.europesays.com\/se\/wp-json\/wp\/v2\/posts"}],"about":[{"href":"https:\/\/www.europesays.com\/se\/wp-json\/wp\/v2\/types\/post"}],"author":[{"embeddable":true,"href":"https:\/\/www.europesays.com\/se\/wp-json\/wp\/v2\/users\/2"}],"replies":[{"embeddable":true,"href":"https:\/\/www.europesays.com\/se\/wp-json\/wp\/v2\/comments?post=117171"}],"version-history":[{"count":0,"href":"https:\/\/www.europesays.com\/se\/wp-json\/wp\/v2\/posts\/117171\/revisions"}],"wp:featuredmedia":[{"embeddable":true,"href":"https:\/\/www.europesays.com\/se\/wp-json\/wp\/v2\/media\/319"}],"wp:attachment":[{"href":"https:\/\/www.europesays.com\/se\/wp-json\/wp\/v2\/media?parent=117171"}],"wp:term":[{"taxonomy":"category","embeddable":true,"href":"https:\/\/www.europesays.com\/se\/wp-json\/wp\/v2\/categories?post=117171"},{"taxonomy":"post_tag","embeddable":true,"href":"https:\/\/www.europesays.com\/se\/wp-json\/wp\/v2\/tags?post=117171"}],"curies":[{"name":"wp","href":"https:\/\/api.w.org\/{rel}","templated":true}]}}