{"id":117174,"date":"2025-12-26T07:01:13","date_gmt":"2025-12-26T07:01:13","guid":{"rendered":"https:\/\/www.europesays.com\/se\/117174\/"},"modified":"2025-12-26T07:01:13","modified_gmt":"2025-12-26T07:01:13","slug":"tva-man-doda-hittades-i-havet-efter-sokinsats-i-oxelosund","status":"publish","type":"post","link":"https:\/\/www.europesays.com\/se\/117174\/","title":{"rendered":"Tv\u00e5 m\u00e4n d\u00f6da \u2013 hittades i havet efter s\u00f6kinsats i Oxel\u00f6sund"},"content":{"rendered":"<p>Publicerad 25 dec 2025 kl 23.43Uppdaterad 26 dec kl 07.11<\/p>\n<p>Tv\u00e5 m\u00e4n har omkommit i Oxel\u00f6sunds sk\u00e4rg\u00e5rd efter en stor s\u00f6kinsats p\u00e5 juldagskv\u00e4llen.<\/p>\n<p>\u2013 De var i 60-\u00e5rs\u00e5ldern och uppges ha varit professionella fiskare, s\u00e4ger Linus Maxe vid polisen.<\/p>\n<p>M\u00e4nnen hade g\u00e5tt ut med en fiskeb\u00e5t p\u00e5 morgonen och anh\u00f6riga anm\u00e4lde dem saknade p\u00e5 kv\u00e4llen.<\/p>\n<p>Senaste nyhetsklippen fr\u00e5n Expressen.<img   alt=\"\"\/><\/p>\n<p>Tv\u00e5 fiskare hittades i vattnet.<\/p>\n<p>Foto: Pontus Stenberg<\/p>\n<p>\u00d6ppna bild i helsk\u00e4rm<\/p>\n<p>Tv\u00e5 m\u00e4n i 60-\u00e5rs\u00e5ldern gick ut med en mindre fiskeb\u00e5t fr\u00e5n <a href=\"https:\/\/www.expressen.se\/tagg\/location\/oxelosund\/\" class=\"\" rel=\"nofollow noopener\" target=\"_blank\">Oxel\u00f6sund<\/a> vid niotiden p\u00e5 juldagsmorgonen. P\u00e5 kv\u00e4llen blev anh\u00f6riga oroliga och larmade SOS Alarm.<\/p>\n<p>Tv\u00e5 timmar efter larmet hittades m\u00e4nnen i vattnet efter en s\u00f6kinsats av Sj\u00f6fartsverket, Kustbevakningen och Sj\u00f6r\u00e4ddningss\u00e4llskapet.<\/p>\n<p>\u2013 Larmet kom klockan 20.45, det var oroliga anh\u00f6riga som slog larm. Sj\u00f6- och flygr\u00e4ddningscentralen p\u00e5 Sj\u00f6fartsverket drog i g\u00e5ng en s\u00f6koperation. Klockan 22.45 hittade vi de tv\u00e5 saknade m\u00e4nnen i vattnet, s\u00e4ger Johan Wahlstr\u00f6m, presstalesperson p\u00e5 Sj\u00f6fartsverket.<\/p>\n<p>Oklart hur l\u00e4nge i vattnet<\/p>\n<p>I s\u00f6kinsatsen ingick en helikopter och en lotsb\u00e5t fr\u00e5n Sj\u00f6fartsverket samt tv\u00e5 fartyg fr\u00e5n Kustbevakningen och tv\u00e5 b\u00e5tar fr\u00e5n Sj\u00f6r\u00e4ddningss\u00e4llskapet i Trosa och Ark\u00f6sund.\u00a0<\/p>\n<p>\u2013 Helikoptern hittar de h\u00e4r m\u00e4nnen i vattnet, s\u00e4ger Linus Maxe vid polisen.<\/p>\n<p>M\u00e4nnen togs i land till ambulans.<\/p>\n<p>\u2013 Det \u00e4r oklart hur l\u00e4nge m\u00e4nnen har legat i vattnet, men det \u00e4r rej\u00e4lt kallt i vattnet. Vi vet inte heller hur f\u00f6rsvinnandet gick till. Det var fint v\u00e4der och god sikt, s\u00e4ger Johan Wahlstr\u00f6m.<\/p>\n<p>Deras b\u00e5t var en mindre tr\u00e5lare, cirka tolv meter l\u00e5ng. De hittades i s\u00f6komr\u00e5det i farvattnen s\u00f6der om Oxel\u00f6sund. Det \u00e4r oklart varf\u00f6r de hamnade i vattnet.<\/p>\n<p>Natten mot annandag jul gick polisen ut med att m\u00e4nnens liv inte kunde r\u00e4ddas. Anh\u00f6riga \u00e4r underr\u00e4ttade.<\/p>\n<p>\u2013 B\u00e5ten har man inte hittat, s\u00e4ger Linus Maxe.<\/p>\n<p>En f\u00f6runders\u00f6kning om arbetsmilj\u00f6brott och v\u00e5llande till annans d\u00f6d har inletts.<\/p>\n<p><img alt=\"\"\/>Ljudklippet gick inte att spela upp<\/p>\n<p>F\u00f6rs\u00f6k igen senare<\/p>\n","protected":false},"excerpt":{"rendered":"Publicerad 25 dec 2025 kl 23.43Uppdaterad 26 dec kl 07.11 Tv\u00e5 m\u00e4n har omkommit i Oxel\u00f6sunds sk\u00e4rg\u00e5rd efter&hellip;\n","protected":false},"author":2,"featured_media":117175,"comment_status":"","ping_status":"","sticky":false,"template":"","format":"standard","meta":{"footnotes":""},"categories":[5],"tags":[22,23,26,27,17,21,24,25,12583,28,29,15,16,18,34,154,31,33,32,30,19,764,20],"class_list":{"0":"post-117174","1":"post","2":"type-post","3":"status-publish","4":"format-standard","5":"has-post-thumbnail","7":"category-rubriker","8":"tag-breaking-news","9":"tag-breakingnews","10":"tag-featured-news","11":"tag-featurednews","12":"tag-headlines","13":"tag-huvudnyheter","14":"tag-latest-news","15":"tag-latestnews","16":"tag-location-oxelosund","17":"tag-main-news","18":"tag-mainnews","19":"tag-news","20":"tag-nyheter","21":"tag-rubriker","22":"tag-se","23":"tag-sections-sverige","24":"tag-svenska","25":"tag-sverige","26":"tag-sweden","27":"tag-swedish","28":"tag-top-stories","29":"tag-topic-olycksfall","30":"tag-topstories"},"share_on_mastodon":{"url":"https:\/\/pubeurope.com\/@se\/115784586582108600","error":""},"_links":{"self":[{"href":"https:\/\/www.europesays.com\/se\/wp-json\/wp\/v2\/posts\/117174","targetHints":{"allow":["GET"]}}],"collection":[{"href":"https:\/\/www.europesays.com\/se\/wp-json\/wp\/v2\/posts"}],"about":[{"href":"https:\/\/www.europesays.com\/se\/wp-json\/wp\/v2\/types\/post"}],"author":[{"embeddable":true,"href":"https:\/\/www.europesays.com\/se\/wp-json\/wp\/v2\/users\/2"}],"replies":[{"embeddable":true,"href":"https:\/\/www.europesays.com\/se\/wp-json\/wp\/v2\/comments?post=117174"}],"version-history":[{"count":0,"href":"https:\/\/www.europesays.com\/se\/wp-json\/wp\/v2\/posts\/117174\/revisions"}],"wp:featuredmedia":[{"embeddable":true,"href":"https:\/\/www.europesays.com\/se\/wp-json\/wp\/v2\/media\/117175"}],"wp:attachment":[{"href":"https:\/\/www.europesays.com\/se\/wp-json\/wp\/v2\/media?parent=117174"}],"wp:term":[{"taxonomy":"category","embeddable":true,"href":"https:\/\/www.europesays.com\/se\/wp-json\/wp\/v2\/categories?post=117174"},{"taxonomy":"post_tag","embeddable":true,"href":"https:\/\/www.europesays.com\/se\/wp-json\/wp\/v2\/tags?post=117174"}],"curies":[{"name":"wp","href":"https:\/\/api.w.org\/{rel}","templated":true}]}}