{"id":117180,"date":"2025-12-26T07:10:11","date_gmt":"2025-12-26T07:10:11","guid":{"rendered":"https:\/\/www.europesays.com\/se\/117180\/"},"modified":"2025-12-26T07:10:11","modified_gmt":"2025-12-26T07:10:11","slug":"han-forsokte-inte-droga-bort-mig","status":"publish","type":"post","link":"https:\/\/www.europesays.com\/se\/117180\/","title":{"rendered":"Han f\u00f6rs\u00f6kte inte droga bort mig"},"content":{"rendered":"<p class=\"long-read-first-paragraph\">Anne-Marie har f\u00e4llt m\u00e5nga t\u00e5rar. I dag rinner de l\u00e4ngs hennes r\u00f6dl\u00e4tta kinder \u2013 av lycka.\u2013 F\u00f6rl\u00e5t, jag m\u00e5r ju j\u00e4ttebra i dag. Jag \u00e4r bara s\u00e5 tacksam, f\u00f6r jag vet inte om jag hade orkat forts\u00e4tta harva runt inom psykiatrin l\u00e4ngre.Anne-Marie Handersten kom i kontakt med v\u00e5rden 1997 f\u00f6r f\u00f6rsta g\u00e5ngen, d\u00e5 i G\u00f6teborg, n\u00e4r hon s\u00f6kte hj\u00e4lp f\u00f6r sin \u00e4tst\u00f6rning. Sedan mitten a<\/p>\n","protected":false},"excerpt":{"rendered":"Anne-Marie har f\u00e4llt m\u00e5nga t\u00e5rar. I dag rinner de l\u00e4ngs hennes r\u00f6dl\u00e4tta kinder \u2013 av lycka.\u2013 F\u00f6rl\u00e5t, jag&hellip;\n","protected":false},"author":2,"featured_media":117181,"comment_status":"","ping_status":"","sticky":false,"template":"","format":"standard","meta":{"footnotes":""},"categories":[12],"tags":[22,23,26,27,17,21,24,25,28,29,15,16,18,34,31,33,32,30,19,20],"class_list":{"0":"post-117180","1":"post","2":"type-post","3":"status-publish","4":"format-standard","5":"has-post-thumbnail","7":"category-sverige","8":"tag-breaking-news","9":"tag-breakingnews","10":"tag-featured-news","11":"tag-featurednews","12":"tag-headlines","13":"tag-huvudnyheter","14":"tag-latest-news","15":"tag-latestnews","16":"tag-main-news","17":"tag-mainnews","18":"tag-news","19":"tag-nyheter","20":"tag-rubriker","21":"tag-se","22":"tag-svenska","23":"tag-sverige","24":"tag-sweden","25":"tag-swedish","26":"tag-top-stories","27":"tag-topstories"},"share_on_mastodon":{"url":"https:\/\/pubeurope.com\/@se\/115784622012526096","error":""},"_links":{"self":[{"href":"https:\/\/www.europesays.com\/se\/wp-json\/wp\/v2\/posts\/117180","targetHints":{"allow":["GET"]}}],"collection":[{"href":"https:\/\/www.europesays.com\/se\/wp-json\/wp\/v2\/posts"}],"about":[{"href":"https:\/\/www.europesays.com\/se\/wp-json\/wp\/v2\/types\/post"}],"author":[{"embeddable":true,"href":"https:\/\/www.europesays.com\/se\/wp-json\/wp\/v2\/users\/2"}],"replies":[{"embeddable":true,"href":"https:\/\/www.europesays.com\/se\/wp-json\/wp\/v2\/comments?post=117180"}],"version-history":[{"count":0,"href":"https:\/\/www.europesays.com\/se\/wp-json\/wp\/v2\/posts\/117180\/revisions"}],"wp:featuredmedia":[{"embeddable":true,"href":"https:\/\/www.europesays.com\/se\/wp-json\/wp\/v2\/media\/117181"}],"wp:attachment":[{"href":"https:\/\/www.europesays.com\/se\/wp-json\/wp\/v2\/media?parent=117180"}],"wp:term":[{"taxonomy":"category","embeddable":true,"href":"https:\/\/www.europesays.com\/se\/wp-json\/wp\/v2\/categories?post=117180"},{"taxonomy":"post_tag","embeddable":true,"href":"https:\/\/www.europesays.com\/se\/wp-json\/wp\/v2\/tags?post=117180"}],"curies":[{"name":"wp","href":"https:\/\/api.w.org\/{rel}","templated":true}]}}