{"id":117182,"date":"2025-12-26T07:11:07","date_gmt":"2025-12-26T07:11:07","guid":{"rendered":"https:\/\/www.europesays.com\/se\/117182\/"},"modified":"2025-12-26T07:11:07","modified_gmt":"2025-12-26T07:11:07","slug":"efter-prischocken-nu-vantar-lagre-matpriser-svd","status":"publish","type":"post","link":"https:\/\/www.europesays.com\/se\/117182\/","title":{"rendered":"Efter prischocken \u2013 nu v\u00e4ntar l\u00e4gre matpriser &#8211; SvD"},"content":{"rendered":"<ol>\n<li><a href=\"https:\/\/news.google.com\/rss\/articles\/CBMie0FVX3lxTFBCWUNqczFGV3phck54UlNkcmsxUGlZclFVc0lsNGsxN1FXV1kzbXhLZExGQm93b2JMYmI2Unczdk5FMDFpdTZrOWl0cG0zRGxFZHBSUl9YVVFKMHRibURZMmlJdlV4X1BPakY5ck1nRThDeTlxX2Q0RFFxZw?oc=5\" target=\"_blank\" rel=\"nofollow noopener\">Efter prischocken \u2013 nu v\u00e4ntar l\u00e4gre matpriser<\/a>&nbsp;&nbsp;SvD<\/li>\n<li><a href=\"https:\/\/news.google.com\/rss\/articles\/CBMiaEFVX3lxTFBNSkRWREJFam9QQnNtLWZxUU1VS2wwcHJsQUdncDAwNGpQVHRRbDVaZ09DN1VZOFdVWC1naFp0Vzc0NnJ4ajA4RWJkRzlfU2piaVJNQW00em1jZzVpNVJpSVJnOUM4V2JS?oc=5\" target=\"_blank\" rel=\"nofollow noopener\">Thed\u00e9ens varning om inflationen inf\u00f6r 2026<\/a>&nbsp;&nbsp;EFN<\/li>\n<li><a href=\"https:\/\/news.google.com\/rss\/articles\/CBMiqgFBVV95cUxQWWdmWlpKcHNDaDNIaUVYc0trNTdQajM1eERsVEw2bmFSeWdtTjVxMEE1RTF4SVBGcTRtQWh1ZkUySUVyeWllaHY3Rjh1WVNLVlYwOVdTeHRqMXZNUUZKbVh4c0NBcndSektmc3pjZGYzQzV6U1VnQktnOTZQRklfbjRBVkxrcUdvYTh0WmtSTHluOExIaUdvQ1M2S0R4R2JZMHVQMTNOYkdrQQ?oc=5\" target=\"_blank\" rel=\"nofollow noopener\">Kedjornas vd:ar eniga: Tufft \u00e5r v\u00e4ntar \u2013 pris styr \u00e4ven 2026<\/a>&nbsp;&nbsp;Fri K\u00f6penskap<\/li>\n<li><a href=\"https:\/\/news.google.com\/rss\/articles\/CBMif0FVX3lxTE80eDZUcmsyRTliZDlJbDg3SEFlY0VIWWkxZWNDMm43VkY4RjJnVlJGMlF4WWVrQkRiTmcwLUJYUHRiRi1GcGZmTzdERU9SUVVIeUR4dmFtT2xSM2IzVndoMVJhLXdjUjdPWmhYVTBUU012d0s0SmtZSlZmVTRablk?oc=5\" target=\"_blank\" rel=\"nofollow noopener\">Thed\u00e9en: Inflationen blir st\u00f6kig med s\u00e4nkt matmoms<\/a>&nbsp;&nbsp;Omni<\/li>\n<li><a href=\"https:\/\/news.google.com\/rss\/articles\/CBMiiAFBVV95cUxPbU5Vb2IxUXdXeHNzRnIycFRaMGdfS1VnblRBVFBLeUNLVGh2WFFjXzRrTnZJWF8xc0pXdE5sbUVWUDJMR0dveTJ0NHVaM1VEbVo4UHVtT1RnWDV5Zkh5VVg4MkEzc2JQTmR5bWQ2Q25keXJobENNRmxTaHVHMDVEX05yOVlBN0dL?oc=5\" target=\"_blank\" rel=\"nofollow noopener\">Thed\u00e9en: \u201dSt\u00f6kig inflation 2026 n\u00e4r matmomsen s\u00e4nks\u201d<\/a>&nbsp;&nbsp;Omni Ekonomi<\/li>\n<\/ol>\n","protected":false},"excerpt":{"rendered":"Efter prischocken \u2013 nu v\u00e4ntar l\u00e4gre matpriser&nbsp;&nbsp;SvD Thed\u00e9ens varning om inflationen inf\u00f6r 2026&nbsp;&nbsp;EFN Kedjornas vd:ar eniga: Tufft \u00e5r&hellip;\n","protected":false},"author":2,"featured_media":117183,"comment_status":"","ping_status":"","sticky":false,"template":"","format":"standard","meta":{"footnotes":""},"categories":[5],"tags":[22,23,26,27,17,21,24,25,28,29,15,16,18,34,31,33,32,30,19,20],"class_list":{"0":"post-117182","1":"post","2":"type-post","3":"status-publish","4":"format-standard","5":"has-post-thumbnail","7":"category-rubriker","8":"tag-breaking-news","9":"tag-breakingnews","10":"tag-featured-news","11":"tag-featurednews","12":"tag-headlines","13":"tag-huvudnyheter","14":"tag-latest-news","15":"tag-latestnews","16":"tag-main-news","17":"tag-mainnews","18":"tag-news","19":"tag-nyheter","20":"tag-rubriker","21":"tag-se","22":"tag-svenska","23":"tag-sverige","24":"tag-sweden","25":"tag-swedish","26":"tag-top-stories","27":"tag-topstories"},"share_on_mastodon":{"url":"https:\/\/pubeurope.com\/@se\/115784625865566977","error":""},"_links":{"self":[{"href":"https:\/\/www.europesays.com\/se\/wp-json\/wp\/v2\/posts\/117182","targetHints":{"allow":["GET"]}}],"collection":[{"href":"https:\/\/www.europesays.com\/se\/wp-json\/wp\/v2\/posts"}],"about":[{"href":"https:\/\/www.europesays.com\/se\/wp-json\/wp\/v2\/types\/post"}],"author":[{"embeddable":true,"href":"https:\/\/www.europesays.com\/se\/wp-json\/wp\/v2\/users\/2"}],"replies":[{"embeddable":true,"href":"https:\/\/www.europesays.com\/se\/wp-json\/wp\/v2\/comments?post=117182"}],"version-history":[{"count":0,"href":"https:\/\/www.europesays.com\/se\/wp-json\/wp\/v2\/posts\/117182\/revisions"}],"wp:featuredmedia":[{"embeddable":true,"href":"https:\/\/www.europesays.com\/se\/wp-json\/wp\/v2\/media\/117183"}],"wp:attachment":[{"href":"https:\/\/www.europesays.com\/se\/wp-json\/wp\/v2\/media?parent=117182"}],"wp:term":[{"taxonomy":"category","embeddable":true,"href":"https:\/\/www.europesays.com\/se\/wp-json\/wp\/v2\/categories?post=117182"},{"taxonomy":"post_tag","embeddable":true,"href":"https:\/\/www.europesays.com\/se\/wp-json\/wp\/v2\/tags?post=117182"}],"curies":[{"name":"wp","href":"https:\/\/api.w.org\/{rel}","templated":true}]}}