{"id":117190,"date":"2025-12-26T07:18:08","date_gmt":"2025-12-26T07:18:08","guid":{"rendered":"https:\/\/www.europesays.com\/se\/117190\/"},"modified":"2025-12-26T07:18:08","modified_gmt":"2025-12-26T07:18:08","slug":"25-december-07-50-sammanfattning-natt-orebro-lan","status":"publish","type":"post","link":"https:\/\/www.europesays.com\/se\/117190\/","title":{"rendered":"25 december 07.50, Sammanfattning natt, \u00d6rebro l\u00e4n"},"content":{"rendered":"<p><strong>\u00d6rebro, f\u00f6rargelsev\u00e4ckande beteende.<\/strong><br \/>22.16: Polispatrull iakttar hur man urinerar offentligt i centrum av \u00d6rebro. I samband med kontroll och rapportering s\u00e4tter sig mannen till kraftigt motv\u00e4rn. Mannen avl\u00e4gsnas fr\u00e5n centrum och anm\u00e4lan uppr\u00e4ttas g\u00e4llande v\u00e5ldsamt motst\u00e5nd samt f\u00f6rargelsev\u00e4ckande beteende.<\/p>\n<p><strong>Kumla, narkotikabrott.<\/strong><br \/>22.36: En person beter sig otrevligt p\u00e5 ett t\u00e5g i Kumla, mannen saknar \u00e4ven biljett och v\u00e4grar kliva av. Polispatrull genomf\u00f6r kontroll av mannen som \u00e4r i 25-\u00e5rs\u00e5ldern. I samband med kontrollen p\u00e5visa mannen tydliga tecken p\u00e5 att vara p\u00e5verkad av narkotika, provtagning genomf\u00f6rs och analys f\u00e5r utvisa om misstanke kvarst\u00e5r.<\/p>\n<p><strong>Degerfors, rattonykterhetsbrott samt olovlig k\u00f6rning.<\/strong><br \/>22.39: Polispatrull genomf\u00f6r stopp och kontroll p\u00e5 en bilist och dess passagerare. <br \/>Mannen som framf\u00f6rt fordonet \u00e4r i 25-\u00e5rs\u00e5ldern och misstanke om narkotikap\u00e5verkan uppst\u00e5r. Beslut om kroppsbesiktning inh\u00e4mtas och har verkst\u00e4llts. Mannen saknar \u00e4ven k\u00f6rkort varf\u00f6r \u00e4ven olovlig k\u00f6rning tillf\u00f6rs rubricering samt rattfylleri under p\u00e5verkan av narkotika och narkotikabrott eget bruk och innehav av narkotika.<br \/>Mannen var \u00e4ven efterlyst och han \u00e4r \u00f6verl\u00e4mnad till annan statlig verksamhet.<\/p>\n<p>Passagerare i fordonet misst\u00e4nkts f\u00f6r narkotikabrott, innehav. Misst\u00e4nkt i detta fallet \u00e4r en man i 40-\u00e5rs\u00e5ldern.<\/p>\n<p><strong>\u00d6rebro, st\u00f6ld.<\/strong><br \/>23.14: En kvinna anm\u00e4ler att hon blivit bestulen p\u00e5 sin mobiltelefon av ok\u00e4nd g\u00e4rningsperson.<\/p>\n<p><strong>\u00d6rebro, misshandel.<\/strong><br \/>00.49: P\u00e5 en nattklubb i centrala \u00d6rebro blir en man misshandlad av ok\u00e4nd g\u00e4rningsperson. M\u00e5ls\u00e4ganden skjutsad av polispatrull till sjukv\u00e5rden f\u00f6r att se om sin skada som uppst\u00e5tt av misshandel i ansiktet. F\u00f6runders\u00f6kning p\u00e5g\u00e5r.<\/p>\n<p><strong>Karlskoga, v\u00e5rdsl\u00f6shet i trafik.<\/strong><br \/>01.04: I samband med en trafikolycka p\u00e5 Lv 207 blir tv\u00e5 m\u00e4n i 20-\u00e5rs\u00e5ldern misst\u00e4nkta f\u00f6r v\u00e5rdsl\u00f6shet i trafik. B\u00e5da m\u00e4nnen framf\u00f6rde var sitt fordon.<\/p>\n<p><strong>\u00d6rebro, misshandel alternativt grov misshandel.<\/strong><br \/>01.33: Polispatrull uppr\u00e4ttar anm\u00e4lan efter att en man blivit slagen i huvudet av en ok\u00e4nd g\u00e4rningsperson p\u00e5 en nattklubb i \u00d6rebro. M\u00e5ls\u00e4ganden skjutsad till sjukv\u00e5rden av polispatrull f\u00f6r kontroll.<\/p>\n<p><strong>\u00d6rebro, misshandel.<\/strong><br \/>02.05. I anslutning till en nattklubb i centrala \u00d6rebro blir en man misshandlad av tv\u00e5 m\u00e4n i 18-\u00e5rs\u00e5ldern. G\u00e4rningspersonerna omh\u00e4ndertagna enligt LOB, lagen om omh\u00e4ndertagande av berusad person. M\u00e5ls\u00e4ganden skjutsad av polispatrull till sjukv\u00e5rden f\u00f6r kontroll. Det saknas vidare uppgifter om skadel\u00e4ge.<\/p>\n<p><strong>Nora, misshandel.\u00a0<\/strong><br \/>02.38: Vittne kontaktar polis med anledning av en misshandel utomhus i centrala Nora. En man i 25-\u00e5rs\u00e5ldern s\u00e4tts upp som misst\u00e4nkt i anm\u00e4lan, f\u00f6runders\u00f6kning p\u00e5g\u00e5r. Det saknas uppgifter om eventuellt skadel\u00e4ge p\u00e5 m\u00e5ls\u00e4ganden.<\/p>\n<p><strong>\u00d6rebro, misshandel.<\/strong><br \/>02.57: Ett br\u00e5k mellan tv\u00e5 m\u00e4n har intr\u00e4ffat i anslutning till en krog i centrala \u00d6rebro. M\u00e4nnen \u00e4r 25 respektive 30-\u00e5rs\u00e5ldern och anm\u00e4lan om misshandel samt motanm\u00e4lan misshandel \u00e4r uppr\u00e4ttad. Ett flertal vittnen ska ha bevittnat h\u00e4ndelsen. En person skjutsad till sjukv\u00e5rden av polispatrull med skada i ansikte samt huvud.<\/p>\n<p><strong>\u00d6rebro, skadeg\u00f6relse.<\/strong><br \/>03.18: Polispatrull kontrollerar en man i 25-\u00e5rs\u00e5ldern. Mannen misst\u00e4nks f\u00f6r skadeg\u00f6relse och omh\u00e4ndertas enligt LOB, lagen om omh\u00e4ndertagande av berusad person.<\/p>\n<p><strong>\u00d6rebro, rattfylleri.<\/strong><br \/>03.28: Polispatrull stoppar en bilist i centrala \u00d6rebro. Mannen p\u00e5visar tecken p\u00e5 att vara p\u00e5verkad av narkotika varp\u00e5 beslut om kroppsbesiktning inh\u00e4mtas och har verkst\u00e4llts. Analys f\u00e5r utvisa om misstankar g\u00e4llande rattfylleri under p\u00e5verkan av narkotika samt narkotikabrott eget bruk kvarst\u00e5r.<\/p>\n<p><strong>\u00d6rebro, misshandel.<\/strong><br \/>03.57: Tv\u00e5 m\u00e4n i 18-\u00e5rs\u00e5ldern hamnar i br\u00e5k p\u00e5 en snabbmatsrestaurang i \u00d6rebro. M\u00e4nnen anm\u00e4ler varandra f\u00f6r misshandel. En av m\u00e5ls\u00e4ganden skjutsas av polispatrull till sjukv\u00e5rden f\u00f6r kontroll. Det saknas n\u00e4rmare information om eventuellt skadel\u00e4ge.<\/p>\n<p><strong>Karlskoga, misshandel.<\/strong><br \/>04.48: En kvinna s\u00f6ker v\u00e5rd och uppger d\u00e5 att hon blivit utsatt f\u00f6r v\u00e5ld av en annan kvinna. Inledande f\u00f6rh\u00f6r \u00e4r genomf\u00f6rt och f\u00f6runders\u00f6kning p\u00e5g\u00e5r.<\/p>\n<p>Under kv\u00e4llen och natten i polisomr\u00e5de \u00d6rebro har det omh\u00e4ndertagits 13 stycken omh\u00e4ndertagande enligt LOB, lagen om omh\u00e4ndertagande av berusad person.<\/p>\n","protected":false},"excerpt":{"rendered":"\u00d6rebro, f\u00f6rargelsev\u00e4ckande beteende.22.16: Polispatrull iakttar hur man urinerar offentligt i centrum av \u00d6rebro. I samband med kontroll och&hellip;\n","protected":false},"author":2,"featured_media":54,"comment_status":"","ping_status":"","sticky":false,"template":"","format":"standard","meta":{"footnotes":""},"categories":[12],"tags":[22,23,26,27,17,21,24,25,28,29,15,16,18,34,31,33,32,30,19,20],"class_list":{"0":"post-117190","1":"post","2":"type-post","3":"status-publish","4":"format-standard","5":"has-post-thumbnail","7":"category-sverige","8":"tag-breaking-news","9":"tag-breakingnews","10":"tag-featured-news","11":"tag-featurednews","12":"tag-headlines","13":"tag-huvudnyheter","14":"tag-latest-news","15":"tag-latestnews","16":"tag-main-news","17":"tag-mainnews","18":"tag-news","19":"tag-nyheter","20":"tag-rubriker","21":"tag-se","22":"tag-svenska","23":"tag-sverige","24":"tag-sweden","25":"tag-swedish","26":"tag-top-stories","27":"tag-topstories"},"share_on_mastodon":{"url":"https:\/\/pubeurope.com\/@se\/115784653427549556","error":""},"_links":{"self":[{"href":"https:\/\/www.europesays.com\/se\/wp-json\/wp\/v2\/posts\/117190","targetHints":{"allow":["GET"]}}],"collection":[{"href":"https:\/\/www.europesays.com\/se\/wp-json\/wp\/v2\/posts"}],"about":[{"href":"https:\/\/www.europesays.com\/se\/wp-json\/wp\/v2\/types\/post"}],"author":[{"embeddable":true,"href":"https:\/\/www.europesays.com\/se\/wp-json\/wp\/v2\/users\/2"}],"replies":[{"embeddable":true,"href":"https:\/\/www.europesays.com\/se\/wp-json\/wp\/v2\/comments?post=117190"}],"version-history":[{"count":0,"href":"https:\/\/www.europesays.com\/se\/wp-json\/wp\/v2\/posts\/117190\/revisions"}],"wp:featuredmedia":[{"embeddable":true,"href":"https:\/\/www.europesays.com\/se\/wp-json\/wp\/v2\/media\/54"}],"wp:attachment":[{"href":"https:\/\/www.europesays.com\/se\/wp-json\/wp\/v2\/media?parent=117190"}],"wp:term":[{"taxonomy":"category","embeddable":true,"href":"https:\/\/www.europesays.com\/se\/wp-json\/wp\/v2\/categories?post=117190"},{"taxonomy":"post_tag","embeddable":true,"href":"https:\/\/www.europesays.com\/se\/wp-json\/wp\/v2\/tags?post=117190"}],"curies":[{"name":"wp","href":"https:\/\/api.w.org\/{rel}","templated":true}]}}