{"id":117193,"date":"2025-12-26T07:21:27","date_gmt":"2025-12-26T07:21:27","guid":{"rendered":"https:\/\/www.europesays.com\/se\/117193\/"},"modified":"2025-12-26T07:21:27","modified_gmt":"2025-12-26T07:21:27","slug":"oehv-damlandslaget-forlorar-aven-det-andra-testet-mot-tyskland","status":"publish","type":"post","link":"https:\/\/www.europesays.com\/se\/117193\/","title":{"rendered":"\u00d6EHV: Damlandslaget f\u00f6rlorar \u00e4ven det andra testet mot Tyskland"},"content":{"rendered":"<p style=\"text-align: justify;\"><strong>\u00d6sterrikes damhockeylandslag tvingades \u00e4ven i det andra testet att ge vika f\u00f6r Tyskland. V\u00e5ra grannar, som finslipar OS-kadren, var statistiskt \u00f6verl\u00e4gsna, men \u00d6EHV-utvalda h\u00f6ll matchen \u00f6ppen \u00e4nda fram till slutet. Sammantaget visade man sig i det \u00f6sterrikiska l\u00e4gret n\u00f6jda efter de tv\u00e5 matcherna och anv\u00e4nde dem slutligen f\u00f6r att bredda truppen med blick mot VM om ett \u00e5r.<\/strong><\/p>\n<p style=\"text-align: justify;\">\u201eVi har spelat en solid f\u00f6rsvar och visat k\u00e4mparanda. Naturligtvis hade vi g\u00e4rna skapat fler chanser, men man f\u00e5r inte gl\u00f6mma att vi spelade mot ett lag som s\u00f6ker OS-kadern. Vi hade m\u00e5nga nya spelare med oss och har sett vad vi beh\u00f6ver arbeta med. Vi m\u00e5ste l\u00e4ra oss anpassa v\u00e5rt spel och hitta v\u00e4gar att besegra nationer som Tyskland\u201c, summerade huvudtr\u00e4naren Alexander Br\u00f6ms.<\/p>\n<p style=\"text-align: justify;\">Precis som p\u00e5 l\u00f6rdagen pressade Tyskland m\u00e5let d\u00e5 och d\u00e5. Och som dagen innan stod man emot attacker med all kraft. Med framg\u00e5ng. Trots m\u00e5nga numer\u00e4ra underl\u00e4gen, till och med ett kortvarigt dubbelt underl\u00e4ge, h\u00f6ll man nollan. Men det sammanlagda femte powerplay utnyttjades av v\u00e5ra grannar till ledningen i den 34:e minuten.<\/p>\n<p style=\"text-align: justify;\">De f\u00e5 chanserna som man sj\u00e4lv skapat kunde man inte omvandla till po\u00e4ng. D\u00e4remot var man desto effektivare framf\u00f6r eget m\u00e5l. F\u00f6rst i den 52:a minuten lyckades Tyskland g\u00f6ra 2:0.<\/p>\n<p>Huvudtr\u00e4nare Alexander Br\u00f6ms:<\/p>\n<p style=\"text-align: justify;\">\u201eVi ser mot VM i toppdivisionen om ett \u00e5r. F\u00f6r det har vi kallat n\u00e5gra debutanter den h\u00e4r helgen och utnyttjat decemberuppeh\u00e5llet f\u00f6r att bredda v\u00e5r uppst\u00e4llning inf\u00f6r VM.\u201c<\/p>\n<p style=\"text-align: justify;\">Decembers uppeh\u00e5ll f\u00f6r damer<br \/><strong>Tyskland vs. \u00d6sterrike 3:0 (1:0,0:0,2:0)<\/strong><br \/>L\u00f6r, 13. december 2025, 17:30, Memmingen (GER)<br \/>M\u00e5lg\u00f6rare Tyskland: Mathilda Heine (16.), Franziska Feldmeier (46.), Svenja Voigt (58.)<br \/>Spelrapport<\/p>\n<p style=\"text-align: justify;\"><strong>\u00d6sterrike vs. Tyskland 0:2 (0:0,0:1,0:1)<\/strong><br \/>S\u00f6n, 14. december 2025, 15:00, Dornbirn<br \/>M\u00e5lg\u00f6rare Tyskland: Daria Glei\u00dfner (34.\/PP), Nicola Hadraschek-Eisenschmid (52.)<\/p>\n<p>www.eishockey.at, Bild: Nicolas Zangerle\/NZ Photos<\/p>\n","protected":false},"excerpt":{"rendered":"\u00d6sterrikes damhockeylandslag tvingades \u00e4ven i det andra testet att ge vika f\u00f6r Tyskland. V\u00e5ra grannar, som finslipar OS-kadren,&hellip;\n","protected":false},"author":2,"featured_media":117194,"comment_status":"","ping_status":"","sticky":false,"template":"","format":"standard","meta":{"footnotes":""},"categories":[68],"tags":[12584,12585,12586,12587,12588,12589,12590,34,111,110,31,33,32,30,12591,408],"class_list":{"0":"post-117193","1":"post","2":"type-post","3":"status-publish","4":"format-standard","5":"has-post-thumbnail","7":"category-sport","8":"tag-andra","9":"tag-aven","10":"tag-damlandslaget","11":"tag-det","12":"tag-forlorar","13":"tag-mot","14":"tag-oehv","15":"tag-se","16":"tag-sport","17":"tag-sports","18":"tag-svenska","19":"tag-sverige","20":"tag-sweden","21":"tag-swedish","22":"tag-testet","23":"tag-tyskland"},"share_on_mastodon":{"url":"https:\/\/pubeurope.com\/@se\/115784665232458337","error":""},"_links":{"self":[{"href":"https:\/\/www.europesays.com\/se\/wp-json\/wp\/v2\/posts\/117193","targetHints":{"allow":["GET"]}}],"collection":[{"href":"https:\/\/www.europesays.com\/se\/wp-json\/wp\/v2\/posts"}],"about":[{"href":"https:\/\/www.europesays.com\/se\/wp-json\/wp\/v2\/types\/post"}],"author":[{"embeddable":true,"href":"https:\/\/www.europesays.com\/se\/wp-json\/wp\/v2\/users\/2"}],"replies":[{"embeddable":true,"href":"https:\/\/www.europesays.com\/se\/wp-json\/wp\/v2\/comments?post=117193"}],"version-history":[{"count":0,"href":"https:\/\/www.europesays.com\/se\/wp-json\/wp\/v2\/posts\/117193\/revisions"}],"wp:featuredmedia":[{"embeddable":true,"href":"https:\/\/www.europesays.com\/se\/wp-json\/wp\/v2\/media\/117194"}],"wp:attachment":[{"href":"https:\/\/www.europesays.com\/se\/wp-json\/wp\/v2\/media?parent=117193"}],"wp:term":[{"taxonomy":"category","embeddable":true,"href":"https:\/\/www.europesays.com\/se\/wp-json\/wp\/v2\/categories?post=117193"},{"taxonomy":"post_tag","embeddable":true,"href":"https:\/\/www.europesays.com\/se\/wp-json\/wp\/v2\/tags?post=117193"}],"curies":[{"name":"wp","href":"https:\/\/api.w.org\/{rel}","templated":true}]}}