{"id":117195,"date":"2025-12-26T07:22:32","date_gmt":"2025-12-26T07:22:32","guid":{"rendered":"https:\/\/www.europesays.com\/se\/117195\/"},"modified":"2025-12-26T07:22:32","modified_gmt":"2025-12-26T07:22:32","slug":"e-type-om-tiden-pa-slottet-under-ytan","status":"publish","type":"post","link":"https:\/\/www.europesays.com\/se\/117195\/","title":{"rendered":"E-Type om tiden p\u00e5 slottet: \u201dUnder ytan\u201d"},"content":{"rendered":"<p>share-arrowDela<\/p>\n<p>unsaveSpara<\/p>\n<p>chevron-leftf\u00f6reg\u00e5ende<\/p>\n<ul class=\"carousel-container-viewport\" style=\"transform:translate3d(0%, 0, 0)\">\n<li class=\"carousel-slide\" style=\"z-index:1;filter:none(1);padding-bottom:56.26315%\"><img decoding=\"async\" class=\"image-asset hyperion-css-u06ts1\" data-test-tag=\"image-asset\" src=\"https:\/\/www.europesays.com\/se\/wp-content\/uploads\/2025\/12\/c15d1294-6077-4ea4-95e0-33a71a46e60d\"  alt=\"\"  fetchpriority=\"auto\" style=\"aspect-ratio:1900 \/ 1069\"\/><\/li>\n<li class=\"carousel-slide\" style=\"filter:none(0.3);padding-bottom:56.26315%\"><img decoding=\"async\" class=\"image-asset hyperion-css-u06ts1\" data-test-tag=\"image-asset\" src=\"https:\/\/www.europesays.com\/se\/wp-content\/uploads\/2025\/12\/4a9b2228-121f-46b9-a4f0-9f3a604ff200\"  alt=\"\"  fetchpriority=\"auto\" style=\"aspect-ratio:1900 \/ 1069\"\/><\/li>\n<\/ul>\n<p>expand-left<\/p>\n<p>helsk\u00e4rmchevron-rightn\u00e4staMartin &#8221;E-Type&#8221; Eriksson i &#8221;Stj\u00e4rnorna p\u00e5 slottet&#8221;. Pressbild.<\/p>\n<p>1 \/ 2Foto: SVT<\/p>\n<p class=\"hyperion-css-1shl3oz\" data-test-tag=\"lead-text\">F\u00f6r Martin \u201dE-Type\u201d Eriksson var det en \u201dno brainer\u201d att tacka ja till \u201dStj\u00e4rnorna p\u00e5 slottet\u201d.<\/p>\n<p class=\"hyperion-css-1shl3oz\" data-test-tag=\"lead-text\">\u2013 Det \u00e4r ett v\u00e4ldigt behagligt program. Det m\u00e5 vara hur ytliga k\u00e4ndisar som helst, men man lyckas \u00e4nd\u00e5 tr\u00e4nga in under ytan, s\u00e4ger han.<\/p>\n<p class=\"hyperion-css-1v9qo5x\">Martin \u201dE-Type\u201d Eriksson ogillar att se tillbaka p\u00e5 livet. Trots det var det en sj\u00e4lvklarhet f\u00f6r honom att tacka ja till att medverka i \u201dStj\u00e4rnorna p\u00e5 slottet\u201d.<\/p>\n<p class=\"hyperion-css-1v9qo5x\">\u2013 Det \u00e4r ett av f\u00e5 program d\u00e4r man faktiskt hyfsat oemotsagd f\u00e5r ber\u00e4tta sin egen historia, s\u00e4ger han.<\/p>\n<p class=\"hyperion-css-1v9qo5x\">Tillsammans med simstj\u00e4rnan Sarah Sj\u00f6str\u00f6m, sk\u00e5despelaren Johan Hedenberg, artisten och programledaren Lotta Engberg och tv-profilen Lasse Kron\u00e9r utg\u00f6r han \u00e5rets g\u00e4ng i SVT:s program d\u00e4r k\u00e4nda svenskar ber\u00e4ttar om sina liv.<\/p>\n<p>Ingen tog plats<\/p>\n<p class=\"hyperion-css-1v9qo5x\">Just den sammans\u00e4ttningen lockade extra f\u00f6r E-Type:<\/p>\n<p class=\"hyperion-css-1v9qo5x\">\u2013 Jag har varit med i ganska m\u00e5nga program d\u00e4r man tussar ihop olika m\u00e4nniskor. Men just i det h\u00e4r g\u00e4nget var det ingen som tog extra plats eller v\u00e4grade ber\u00e4tta om vissa saker, det var v\u00e4ldigt friktionsfritt, s\u00e4ger han.<\/p>\n<p class=\"hyperion-css-1v9qo5x\">I just \u201dStj\u00e4rnorna p\u00e5 slottet\u201d har det blivit ett slags kutym att ber\u00e4tta om tidigare trauman och m\u00f6rka kapitel i livet.<\/p>\n<p class=\"hyperion-css-1v9qo5x\">F\u00f6r E-Types del var det dock sv\u00e5rt att plocka fram m\u00f6rkret.<\/p>\n<p class=\"hyperion-css-1v9qo5x\">\u2013 Jag har levt efter devisen att ha en j\u00e4ttestor framruta och inga backspeglar. Jag har svart b\u00e4lte i att inte blicka bak\u00e5t, s\u00e4ger han.<\/p>\n<p class=\"hyperion-css-1v9qo5x\">D\u00e4rf\u00f6r meddelade han produktionen f\u00f6re inspelningen att han inte ville prata om det som h\u00e4nde hans d\u00e5 ett\u00e5riga dotter i fjol d\u00e5 hon svalde ett leksaksbatteri, n\u00e5got som slutade i akut operation, sondmatning och v\u00e5rd i respirator.<\/p>\n<p class=\"hyperion-css-1v9qo5x\">Till slut ber\u00e4ttar han \u00e4nd\u00e5 om h\u00e4ndelsen under sin dag i programmet.<\/p>\n<p class=\"hyperion-css-1v9qo5x\">\u2013 Jag ville absolut inte prata om den h\u00e4r hemska olyckan. Jag g\u00e5r s\u00f6nder, blir m\u00f6rk, och tappar all kreativitet av det. Men s\u00e5 ins\u00e5g jag att jag faktiskt hade en enorm m\u00f6jlighet i att informera andra, f\u00f6r det h\u00e4r \u00e4r en fara som lurar i m\u00e5nga hem, s\u00e4ger han.<\/p>\n<p>Fick reflektera<\/p>\n<p class=\"hyperion-css-1v9qo5x\">F\u00f6r Sarah Sj\u00f6str\u00f6ms del var det nerv\u00f6st att vara med i programmet, fr\u00e4mst f\u00f6r att hon var orolig f\u00f6r att hennes livshistoria inte skulle vara \u201dtillr\u00e4ckligt intressant\u201d.<\/p>\n<p class=\"hyperion-css-1v9qo5x\">\u2013 Alla andra \u00e4r ju s\u00e5dana otroliga \u201dstorytellers\u201d. Det var sv\u00e5rt att veta om mitt liv var tillr\u00e4ckligt intressant. Jag fick reflektera mycket innan s\u00e5 att min ber\u00e4ttelse inte bara skulle handla om hur det \u00e4r att vinna medaljer, s\u00e4ger hon.<\/p>\n<p>FAKTA&#8221;Stj\u00e4rnorna p\u00e5 slottet&#8221;<\/p>\n<p class=\"hyperion-css-jonaf8\">Medverkande: Lasse Kron\u00e9r, Johan Hedenberg, Sarah Sj\u00f6str\u00f6m, Martin \u201dE-Type\u201d Eriksson och Lotta Engberg.<\/p>\n<p class=\"hyperion-css-jonaf8\">Premi\u00e4r: 1 januari 2026 i SVT.<\/p>\n<p>L\u00e4s mer<\/p>\n","protected":false},"excerpt":{"rendered":"share-arrowDela unsaveSpara chevron-leftf\u00f6reg\u00e5ende expand-left helsk\u00e4rmchevron-rightn\u00e4staMartin &#8221;E-Type&#8221; Eriksson i &#8221;Stj\u00e4rnorna p\u00e5 slottet&#8221;. Pressbild. 1 \/ 2Foto: SVT F\u00f6r Martin&hellip;\n","protected":false},"author":2,"featured_media":117196,"comment_status":"","ping_status":"","sticky":false,"template":"","format":"standard","meta":{"footnotes":""},"categories":[67],"tags":[104,34,31,33,32,30,105],"class_list":{"0":"post-117195","1":"post","2":"type-post","3":"status-publish","4":"format-standard","5":"has-post-thumbnail","7":"category-underhallning","8":"tag-entertainment","9":"tag-se","10":"tag-svenska","11":"tag-sverige","12":"tag-sweden","13":"tag-swedish","14":"tag-underhallning"},"share_on_mastodon":{"url":"https:\/\/pubeurope.com\/@se\/115784669580133392","error":""},"_links":{"self":[{"href":"https:\/\/www.europesays.com\/se\/wp-json\/wp\/v2\/posts\/117195","targetHints":{"allow":["GET"]}}],"collection":[{"href":"https:\/\/www.europesays.com\/se\/wp-json\/wp\/v2\/posts"}],"about":[{"href":"https:\/\/www.europesays.com\/se\/wp-json\/wp\/v2\/types\/post"}],"author":[{"embeddable":true,"href":"https:\/\/www.europesays.com\/se\/wp-json\/wp\/v2\/users\/2"}],"replies":[{"embeddable":true,"href":"https:\/\/www.europesays.com\/se\/wp-json\/wp\/v2\/comments?post=117195"}],"version-history":[{"count":0,"href":"https:\/\/www.europesays.com\/se\/wp-json\/wp\/v2\/posts\/117195\/revisions"}],"wp:featuredmedia":[{"embeddable":true,"href":"https:\/\/www.europesays.com\/se\/wp-json\/wp\/v2\/media\/117196"}],"wp:attachment":[{"href":"https:\/\/www.europesays.com\/se\/wp-json\/wp\/v2\/media?parent=117195"}],"wp:term":[{"taxonomy":"category","embeddable":true,"href":"https:\/\/www.europesays.com\/se\/wp-json\/wp\/v2\/categories?post=117195"},{"taxonomy":"post_tag","embeddable":true,"href":"https:\/\/www.europesays.com\/se\/wp-json\/wp\/v2\/tags?post=117195"}],"curies":[{"name":"wp","href":"https:\/\/api.w.org\/{rel}","templated":true}]}}